{"id":1,"date":"2023-06-15T11:38:33","date_gmt":"2023-06-15T09:38:33","guid":{"rendered":"https:\/\/www.mobilfest.eu\/festival\/?p=1"},"modified":"2023-08-30T14:33:40","modified_gmt":"2023-08-30T12:33:40","slug":"web-stranka","status":"publish","type":"post","link":"https:\/\/www.mobilfest.eu\/festival\/web-stranka\/","title":{"rendered":"Mobilfest zmenil vizu\u00e1l"},"content":{"rendered":"\n<p class=\"has-text-align-center\">Webov\u00e1 str\u00e1nka Mobilfestu m\u00e1 od \u00f4smeho ro\u010dn\u00edka modernej\u0161\u00ed dizajn. Pri jeho tvorbe sme sa sna\u017eili o&nbsp;elegantn\u00fd vzh\u013ead, v\u00e4\u010d\u0161iu preh\u013eadnos\u0165 a&nbsp;jednoduch\u0161iu interakciu. Dozviete sa v\u0161etko podstatn\u00e9 o&nbsp;Mobilfeste, jeho novink\u00e1ch i&nbsp;hist\u00f3rii. N\u00e1jdete v&nbsp;\u0148om d\u00f4le\u017eit\u00e9 inform\u00e1cie o s\u00fa\u0165a\u017ei, v&nbsp;ak\u00fdch kateg\u00f3ri\u00e1ch sa bude s\u00fa\u0165a\u017ei\u0165, \u010do v\u0161etko m\u00f4\u017eete vyhra\u0165 a ako sa m\u00e1te prihl\u00e1si\u0165. Pre in\u0161pir\u00e1ciu si m\u00f4\u017eete pozrie\u0165 v\u00ed\u0165azn\u00e9 diela z&nbsp;predch\u00e1dzaj\u00facich ro\u010dn\u00edkov. Ver\u00edme, \u017ee sa v\u00e1m str\u00e1nka zap\u00e1\u010di.<\/p>\n\n\n\n<p class=\"has-text-align-center\"><strong>Ako sa tvorilo logo<\/strong><\/p>\n\n\n<div class=\"wp-block-image\">\n<figure class=\"aligncenter size-full\"><img decoding=\"async\" width=\"959\" height=\"808\" src=\"https:\/\/www.mobilfest.eu\/festival\/wp-content\/uploads\/2023\/08\/Snimka-obrazovky-2023-08-23-135640.png\" alt=\"\" class=\"wp-image-1672\" srcset=\"https:\/\/www.mobilfest.eu\/festival\/wp-content\/uploads\/2023\/08\/Snimka-obrazovky-2023-08-23-135640-200x169.png 200w, https:\/\/www.mobilfest.eu\/festival\/wp-content\/uploads\/2023\/08\/Snimka-obrazovky-2023-08-23-135640-300x253.png 300w, https:\/\/www.mobilfest.eu\/festival\/wp-content\/uploads\/2023\/08\/Snimka-obrazovky-2023-08-23-135640-400x337.png 400w, https:\/\/www.mobilfest.eu\/festival\/wp-content\/uploads\/2023\/08\/Snimka-obrazovky-2023-08-23-135640-600x506.png 600w, https:\/\/www.mobilfest.eu\/festival\/wp-content\/uploads\/2023\/08\/Snimka-obrazovky-2023-08-23-135640-768x647.png 768w, https:\/\/www.mobilfest.eu\/festival\/wp-content\/uploads\/2023\/08\/Snimka-obrazovky-2023-08-23-135640-800x674.png 800w, https:\/\/www.mobilfest.eu\/festival\/wp-content\/uploads\/2023\/08\/Snimka-obrazovky-2023-08-23-135640.png 959w\" sizes=\"(max-width: 959px) 100vw, 959px\" \/><\/figure>\n<\/div>\n\n\n<p class=\"has-text-align-center\"><strong>P\u00f4vodn\u00e1 str\u00e1nka Mobilfestu<\/strong><\/p>\n\n\n\n<figure class=\"wp-block-gallery has-nested-images columns-default is-cropped wp-block-gallery-1 is-layout-flex wp-block-gallery-is-layout-flex\">\n<figure class=\"wp-block-image size-large\"><img decoding=\"async\" width=\"895\" height=\"1024\" data-id=\"1673\" src=\"https:\/\/www.mobilfest.eu\/festival\/wp-content\/uploads\/2023\/08\/Snimka-obrazovky-2023-08-23-140945-895x1024.png\" alt=\"\" class=\"wp-image-1673\" srcset=\"https:\/\/www.mobilfest.eu\/festival\/wp-content\/uploads\/2023\/08\/Snimka-obrazovky-2023-08-23-140945-200x229.png 200w, https:\/\/www.mobilfest.eu\/festival\/wp-content\/uploads\/2023\/08\/Snimka-obrazovky-2023-08-23-140945-262x300.png 262w, https:\/\/www.mobilfest.eu\/festival\/wp-content\/uploads\/2023\/08\/Snimka-obrazovky-2023-08-23-140945-400x458.png 400w, https:\/\/www.mobilfest.eu\/festival\/wp-content\/uploads\/2023\/08\/Snimka-obrazovky-2023-08-23-140945-600x687.png 600w, https:\/\/www.mobilfest.eu\/festival\/wp-content\/uploads\/2023\/08\/Snimka-obrazovky-2023-08-23-140945-768x879.png 768w, https:\/\/www.mobilfest.eu\/festival\/wp-content\/uploads\/2023\/08\/Snimka-obrazovky-2023-08-23-140945-800x916.png 800w, https:\/\/www.mobilfest.eu\/festival\/wp-content\/uploads\/2023\/08\/Snimka-obrazovky-2023-08-23-140945-895x1024.png 895w, https:\/\/www.mobilfest.eu\/festival\/wp-content\/uploads\/2023\/08\/Snimka-obrazovky-2023-08-23-140945-1200x1373.png 1200w, https:\/\/www.mobilfest.eu\/festival\/wp-content\/uploads\/2023\/08\/Snimka-obrazovky-2023-08-23-140945-1342x1536.png 1342w, https:\/\/www.mobilfest.eu\/festival\/wp-content\/uploads\/2023\/08\/Snimka-obrazovky-2023-08-23-140945.png 1503w\" sizes=\"(max-width: 895px) 100vw, 895px\" \/><\/figure>\n<\/figure>\n\n\n\n<p class=\"has-text-align-center\"><strong>V\u00fdvoj loga do teraj\u0161ej podoby<\/strong><\/p>\n\n\n<div class=\"wp-block-image\">\n<figure class=\"aligncenter size-large is-resized\"><img decoding=\"async\" src=\"https:\/\/www.mobilfest.eu\/festival\/wp-content\/uploads\/2023\/08\/loga-mobilfestu-1024x293.jpg\" alt=\"\" class=\"wp-image-1748\" style=\"width:915px;height:262px\" width=\"915\" height=\"262\" srcset=\"https:\/\/www.mobilfest.eu\/festival\/wp-content\/uploads\/2023\/08\/loga-mobilfestu-200x57.jpg 200w, https:\/\/www.mobilfest.eu\/festival\/wp-content\/uploads\/2023\/08\/loga-mobilfestu-300x86.jpg 300w, https:\/\/www.mobilfest.eu\/festival\/wp-content\/uploads\/2023\/08\/loga-mobilfestu-400x115.jpg 400w, https:\/\/www.mobilfest.eu\/festival\/wp-content\/uploads\/2023\/08\/loga-mobilfestu-600x172.jpg 600w, https:\/\/www.mobilfest.eu\/festival\/wp-content\/uploads\/2023\/08\/loga-mobilfestu-768x220.jpg 768w, https:\/\/www.mobilfest.eu\/festival\/wp-content\/uploads\/2023\/08\/loga-mobilfestu-800x229.jpg 800w, https:\/\/www.mobilfest.eu\/festival\/wp-content\/uploads\/2023\/08\/loga-mobilfestu-1024x293.jpg 1024w, https:\/\/www.mobilfest.eu\/festival\/wp-content\/uploads\/2023\/08\/loga-mobilfestu-1200x344.jpg 1200w, https:\/\/www.mobilfest.eu\/festival\/wp-content\/uploads\/2023\/08\/loga-mobilfestu-1536x440.jpg 1536w\" sizes=\"(max-width: 915px) 100vw, 915px\" \/><\/figure>\n<\/div>","protected":false},"excerpt":{"rendered":"<p>Webov\u00e1 str\u00e1nka Mobilfestu m\u00e1 od \u00f4smeho ro\u010dn\u00edka modernej\u0161\u00ed dizajn. Pri [&hellip;]<\/p>\n","protected":false},"author":1,"featured_media":1726,"comment_status":"open","ping_status":"open","sticky":false,"template":"","format":"standard","meta":{"footnotes":""},"categories":[31],"tags":[],"class_list":["post-1","post","type-post","status-publish","format-standard","has-post-thumbnail","hentry","category-mobilfest"],"aioseo_notices":[],"jetpack_featured_media_url":"https:\/\/www.mobilfest.eu\/festival\/wp-content\/uploads\/2023\/06\/353769581_730027455798009_7522400646186646882_n.jpg","_links":{"self":[{"href":"https:\/\/www.mobilfest.eu\/festival\/wp-json\/wp\/v2\/posts\/1","targetHints":{"allow":["GET"]}}],"collection":[{"href":"https:\/\/www.mobilfest.eu\/festival\/wp-json\/wp\/v2\/posts"}],"about":[{"href":"https:\/\/www.mobilfest.eu\/festival\/wp-json\/wp\/v2\/types\/post"}],"author":[{"embeddable":true,"href":"https:\/\/www.mobilfest.eu\/festival\/wp-json\/wp\/v2\/users\/1"}],"replies":[{"embeddable":true,"href":"https:\/\/www.mobilfest.eu\/festival\/wp-json\/wp\/v2\/comments?post=1"}],"version-history":[{"count":10,"href":"https:\/\/www.mobilfest.eu\/festival\/wp-json\/wp\/v2\/posts\/1\/revisions"}],"predecessor-version":[{"id":1749,"href":"https:\/\/www.mobilfest.eu\/festival\/wp-json\/wp\/v2\/posts\/1\/revisions\/1749"}],"wp:featuredmedia":[{"embeddable":true,"href":"https:\/\/www.mobilfest.eu\/festival\/wp-json\/wp\/v2\/media\/1726"}],"wp:attachment":[{"href":"https:\/\/www.mobilfest.eu\/festival\/wp-json\/wp\/v2\/media?parent=1"}],"wp:term":[{"taxonomy":"category","embeddable":true,"href":"https:\/\/www.mobilfest.eu\/festival\/wp-json\/wp\/v2\/categories?post=1"},{"taxonomy":"post_tag","embeddable":true,"href":"https:\/\/www.mobilfest.eu\/festival\/wp-json\/wp\/v2\/tags?post=1"}],"curies":[{"name":"wp","href":"https:\/\/api.w.org\/{rel}","templated":true}]}}