{"id":1194,"date":"2023-07-19T16:17:08","date_gmt":"2023-07-19T14:17:08","guid":{"rendered":"https:\/\/www.mobilfest.eu\/festival\/?p=1194"},"modified":"2023-08-30T14:28:39","modified_gmt":"2023-08-30T12:28:39","slug":"generalni-partneri-mobilfestu","status":"publish","type":"post","link":"https:\/\/www.mobilfest.eu\/festival\/generalni-partneri-mobilfestu\/","title":{"rendered":"Gener\u00e1lni partneri Mobilfestu"},"content":{"rendered":"\n<p>Aktu\u00e1lny \u00f4smy ro\u010dn\u00edk Mobilfestu z\u00edskal dvoch siln\u00fdch sponzorov. Gener\u00e1lnymi partnermi sa stali v\u00fdznamn\u00e9 firmy Datacomp a&nbsp;Samsung. Do s\u00fa\u0165a\u017ee prin\u00e1\u0161aj\u00fa hodnotn\u00e9 ceny a&nbsp;z\u00e1rove\u0148 aj \u0161peci\u00e1lne s\u00fa\u0165a\u017en\u00e9 kateg\u00f3rie. Datacomp s.r.o. p\u00f4sob\u00ed na slovenskom trhu u\u017e viac ako 20 rokov. V jeho ponuke n\u00e1jdete \u0161irok\u00e9 portf\u00f3lio produktov a slu\u017eieb z oblasti v\u00fdpo\u010dtovej a spotrebnej elektroniky. Spolo\u010dnos\u0165 Samsung je jednou z&nbsp;najv\u00e4\u010d\u0161\u00edch firiem na svetovom trhu v&nbsp;oblasti spotrebnej elektroniky vr\u00e1tane mobiln\u00fdch telef\u00f3nov. Za vy\u0161e 50 rokov sa vypracovala na najzn\u00e1mej\u0161iu juhok\u00f3rejsk\u00fa zna\u010dku a&nbsp;na jedn\u00e9ho z&nbsp;najv\u00e4\u010d\u0161\u00edch konglomer\u00e1tov z&nbsp;h\u013eadiska tr\u017eieb.<\/p>\n\n\n<div class=\"wp-block-image\">\n<figure class=\"aligncenter size-large is-resized\"><img decoding=\"async\" src=\"https:\/\/www.mobilfest.eu\/festival\/wp-content\/uploads\/2023\/08\/Samsung_logo_blue-1-1024x335.png\" alt=\"\" class=\"wp-image-1684\" style=\"width:508px;height:166px\" width=\"508\" height=\"166\" srcset=\"https:\/\/www.mobilfest.eu\/festival\/wp-content\/uploads\/2023\/08\/Samsung_logo_blue-1-200x65.png 200w, https:\/\/www.mobilfest.eu\/festival\/wp-content\/uploads\/2023\/08\/Samsung_logo_blue-1-300x98.png 300w, https:\/\/www.mobilfest.eu\/festival\/wp-content\/uploads\/2023\/08\/Samsung_logo_blue-1-400x131.png 400w, https:\/\/www.mobilfest.eu\/festival\/wp-content\/uploads\/2023\/08\/Samsung_logo_blue-1-600x196.png 600w, https:\/\/www.mobilfest.eu\/festival\/wp-content\/uploads\/2023\/08\/Samsung_logo_blue-1-768x251.png 768w, https:\/\/www.mobilfest.eu\/festival\/wp-content\/uploads\/2023\/08\/Samsung_logo_blue-1-800x262.png 800w, https:\/\/www.mobilfest.eu\/festival\/wp-content\/uploads\/2023\/08\/Samsung_logo_blue-1-1024x335.png 1024w, https:\/\/www.mobilfest.eu\/festival\/wp-content\/uploads\/2023\/08\/Samsung_logo_blue-1-1200x393.png 1200w, https:\/\/www.mobilfest.eu\/festival\/wp-content\/uploads\/2023\/08\/Samsung_logo_blue-1-1536x503.png 1536w\" sizes=\"(max-width: 508px) 100vw, 508px\" \/><\/figure>\n<\/div>\n\n\n<div class=\"wp-block-group\"><div class=\"wp-block-group__inner-container is-layout-constrained wp-block-group-is-layout-constrained\">\n<div class=\"wp-block-columns is-layout-flex wp-container-core-columns-is-layout-9d6595d7 wp-block-columns-is-layout-flex\">\n<div class=\"wp-block-column is-layout-flow wp-block-column-is-layout-flow\" style=\"flex-basis:100%\"><div class=\"wp-block-image\">\n<figure class=\"aligncenter size-full is-resized\"><img decoding=\"async\" src=\"https:\/\/www.mobilfest.eu\/festival\/wp-content\/uploads\/2023\/08\/expert-datacomp-sk-color-3.png\" alt=\"\" class=\"wp-image-1687\" style=\"width:480px;height:192px\" width=\"480\" height=\"192\" srcset=\"https:\/\/www.mobilfest.eu\/festival\/wp-content\/uploads\/2023\/08\/expert-datacomp-sk-color-3-200x80.png 200w, https:\/\/www.mobilfest.eu\/festival\/wp-content\/uploads\/2023\/08\/expert-datacomp-sk-color-3-300x120.png 300w, https:\/\/www.mobilfest.eu\/festival\/wp-content\/uploads\/2023\/08\/expert-datacomp-sk-color-3-400x160.png 400w, https:\/\/www.mobilfest.eu\/festival\/wp-content\/uploads\/2023\/08\/expert-datacomp-sk-color-3-600x241.png 600w, https:\/\/www.mobilfest.eu\/festival\/wp-content\/uploads\/2023\/08\/expert-datacomp-sk-color-3-768x308.png 768w, https:\/\/www.mobilfest.eu\/festival\/wp-content\/uploads\/2023\/08\/expert-datacomp-sk-color-3-800x321.png 800w, https:\/\/www.mobilfest.eu\/festival\/wp-content\/uploads\/2023\/08\/expert-datacomp-sk-color-3.png 1000w\" sizes=\"(max-width: 480px) 100vw, 480px\" \/><\/figure>\n<\/div><\/div>\n<\/div>\n<\/div><\/div>\n","protected":false},"excerpt":{"rendered":"<p>Aktu\u00e1lny \u00f4smy ro\u010dn\u00edk Mobilfestu z\u00edskal dvoch siln\u00fdch sponzorov. Gener\u00e1lnymi partnermi [&hellip;]<\/p>\n","protected":false},"author":2,"featured_media":1694,"comment_status":"open","ping_status":"open","sticky":false,"template":"","format":"standard","meta":{"footnotes":""},"categories":[31],"tags":[],"class_list":["post-1194","post","type-post","status-publish","format-standard","has-post-thumbnail","hentry","category-mobilfest"],"aioseo_notices":[],"jetpack_featured_media_url":"https:\/\/www.mobilfest.eu\/festival\/wp-content\/uploads\/2023\/08\/091_Galaxy_flip5W6S_hands-on_lavendersilver_HI-scaled.jpg","_links":{"self":[{"href":"https:\/\/www.mobilfest.eu\/festival\/wp-json\/wp\/v2\/posts\/1194","targetHints":{"allow":["GET"]}}],"collection":[{"href":"https:\/\/www.mobilfest.eu\/festival\/wp-json\/wp\/v2\/posts"}],"about":[{"href":"https:\/\/www.mobilfest.eu\/festival\/wp-json\/wp\/v2\/types\/post"}],"author":[{"embeddable":true,"href":"https:\/\/www.mobilfest.eu\/festival\/wp-json\/wp\/v2\/users\/2"}],"replies":[{"embeddable":true,"href":"https:\/\/www.mobilfest.eu\/festival\/wp-json\/wp\/v2\/comments?post=1194"}],"version-history":[{"count":5,"href":"https:\/\/www.mobilfest.eu\/festival\/wp-json\/wp\/v2\/posts\/1194\/revisions"}],"predecessor-version":[{"id":1725,"href":"https:\/\/www.mobilfest.eu\/festival\/wp-json\/wp\/v2\/posts\/1194\/revisions\/1725"}],"wp:featuredmedia":[{"embeddable":true,"href":"https:\/\/www.mobilfest.eu\/festival\/wp-json\/wp\/v2\/media\/1694"}],"wp:attachment":[{"href":"https:\/\/www.mobilfest.eu\/festival\/wp-json\/wp\/v2\/media?parent=1194"}],"wp:term":[{"taxonomy":"category","embeddable":true,"href":"https:\/\/www.mobilfest.eu\/festival\/wp-json\/wp\/v2\/categories?post=1194"},{"taxonomy":"post_tag","embeddable":true,"href":"https:\/\/www.mobilfest.eu\/festival\/wp-json\/wp\/v2\/tags?post=1194"}],"curies":[{"name":"wp","href":"https:\/\/api.w.org\/{rel}","templated":true}]}}