{"id":1495,"date":"2023-07-31T17:01:14","date_gmt":"2023-07-31T15:01:14","guid":{"rendered":"https:\/\/www.mobilfest.eu\/festival\/?p=1495"},"modified":"2023-09-04T11:59:04","modified_gmt":"2023-09-04T09:59:04","slug":"8-rocnik-mobilfestu-zacina","status":"publish","type":"post","link":"https:\/\/www.mobilfest.eu\/festival\/8-rocnik-mobilfestu-zacina\/","title":{"rendered":"\u0160tartuje 8. ro\u010dn\u00edk Mobilfestu!"},"content":{"rendered":"\n<p>Mobilfest 2023 prin\u00e1\u0161a nieko\u013eko noviniek. Najz\u00e1sadnej\u0161ou zmenou \u00f4smeho ro\u010dn\u00edka je, \u017ee okrem kateg\u00f3rie videofilmov sa rozrast\u00e1 aj o\u00a0fotografick\u00fa s\u00fa\u0165a\u017e a \u0161peci\u00e1lny \u017e\u00e1ner pri videofilmoch. <\/p>\n\n\n\n<p>Svoje diela \u2013 videofilmy alebo fotografie \u2013 m\u00f4\u017eete prihlasova\u0165 do s\u00fa\u0165a\u017ee od 1. septembra do 30. okt\u00f3bra 2023. Prihlasovac\u00ed formul\u00e1r n\u00e1jdete na hlavnej str\u00e1nke v&nbsp;ikonke Prihl\u00e1s sa, kde si zvol\u00edte dan\u00fa kateg\u00f3riu. <\/p>\n\n\n\n<p>Filmy nato\u010den\u00e9 v\u00fdhradne mobiln\u00fdm telef\u00f3nom, smartf\u00f3nom alebo tabletom bud\u00fa s\u00fa\u0165a\u017ei\u0165 tak ako doteraz v\u00a0troch kateg\u00f3ri\u00e1ch pod\u013ea veku \u2013 deti do 14 rokov, \u0161tudenti 15 \u2013 20 rokov a\u00a0dospel\u00ed nad 21 rokov vr\u00e1tane. Deti m\u00f4\u017eu posla\u0165 jeden pr\u00edspevok \u013eubovo\u013en\u00e9ho \u017e\u00e1nru, \u0161tudenti a\u00a0dospel\u00ed m\u00f4\u017eu posiela\u0165 svoje diela v\u00a0\u0161iestich r\u00f4znych \u017e\u00e1nroch. Ka\u017ed\u00fd m\u00f4\u017ee posla\u0165 iba jeden pr\u00edspevok v\u00a0jednej kateg\u00f3rii a\u00a0v\u00a0ka\u017edom z dan\u00fdch \u017e\u00e1nrov. Konkr\u00e9tne teda m\u00f4\u017ee jeden autor prihl\u00e1si\u0165 \u0161es\u0165 r\u00f4znych diel v\u00a0\u017e\u00e1nroch hran\u00fd film, dokument\u00e1rny film, animovan\u00fd film, hudobn\u00fd videoklip,\u00a0experiment\/art video a reklama na Samsung. <\/p>\n\n\n\n<p>Fotografia je takisto delen\u00e1 do troch kateg\u00f3ri\u00ed deti, \u0161tudenti a&nbsp;dospel\u00ed a m\u00e1 p\u00e4\u0165 \u017e\u00e1nrov \u2013 portr\u00e9t, krajina, architekt\u00fara, z\u00e1ti\u0161ie a&nbsp;experiment. Rovnako ako v&nbsp;kateg\u00f3rii videofilm m\u00f4\u017ee ka\u017ed\u00fd s\u00fa\u0165a\u017eiaci posla\u0165 jednu pr\u00e1cu z&nbsp;ka\u017ed\u00e9ho \u017e\u00e1nru. <\/p>\n\n\n\n<p>V\u00fdznamnou zmenou je aj zastre\u0161enie \u00f4smeho ro\u010dn\u00edka dvomi v\u00fdznamn\u00fdmi gener\u00e1lnymi partnermi, a&nbsp;to spolo\u010dnos\u0165ami Samsung a&nbsp;Datacomp, ktor\u00e9 prin\u00e1\u0161aj\u00fa hodnotn\u00e9 ceny. <\/p>\n\n\n\n<p>Te\u0161\u00edme sa na va\u0161e diela a&nbsp;ver\u00edme, \u017ee n\u00e1s presved\u010d\u00edte, \u017ee to\u010di\u0165 filmy mobiln\u00fdm telef\u00f3nom dok\u00e1\u017ee nielen Steven Soderbergh a&nbsp;kvalitn\u00fa fotografiu vytvor\u00edte aj oby\u010dajn\u00fdm mobilom.<\/p>\n\n\n\n<figure class=\"wp-block-gallery has-nested-images columns-default is-cropped wp-block-gallery-1 is-layout-flex wp-block-gallery-is-layout-flex\">\n<figure class=\"wp-block-image size-large\"><img decoding=\"async\" width=\"1024\" height=\"683\" data-id=\"1695\" src=\"https:\/\/www.mobilfest.eu\/festival\/wp-content\/uploads\/2023\/08\/127_TABS9_OUTDOOR_VIEWING_3_HI-1024x683.jpg\" alt=\"\" class=\"wp-image-1695\" srcset=\"https:\/\/www.mobilfest.eu\/festival\/wp-content\/uploads\/2023\/08\/127_TABS9_OUTDOOR_VIEWING_3_HI-200x133.jpg 200w, https:\/\/www.mobilfest.eu\/festival\/wp-content\/uploads\/2023\/08\/127_TABS9_OUTDOOR_VIEWING_3_HI-300x200.jpg 300w, https:\/\/www.mobilfest.eu\/festival\/wp-content\/uploads\/2023\/08\/127_TABS9_OUTDOOR_VIEWING_3_HI-400x267.jpg 400w, https:\/\/www.mobilfest.eu\/festival\/wp-content\/uploads\/2023\/08\/127_TABS9_OUTDOOR_VIEWING_3_HI-600x400.jpg 600w, https:\/\/www.mobilfest.eu\/festival\/wp-content\/uploads\/2023\/08\/127_TABS9_OUTDOOR_VIEWING_3_HI-768x512.jpg 768w, https:\/\/www.mobilfest.eu\/festival\/wp-content\/uploads\/2023\/08\/127_TABS9_OUTDOOR_VIEWING_3_HI-800x534.jpg 800w, https:\/\/www.mobilfest.eu\/festival\/wp-content\/uploads\/2023\/08\/127_TABS9_OUTDOOR_VIEWING_3_HI-1024x683.jpg 1024w, https:\/\/www.mobilfest.eu\/festival\/wp-content\/uploads\/2023\/08\/127_TABS9_OUTDOOR_VIEWING_3_HI-1200x800.jpg 1200w, https:\/\/www.mobilfest.eu\/festival\/wp-content\/uploads\/2023\/08\/127_TABS9_OUTDOOR_VIEWING_3_HI-1536x1025.jpg 1536w\" sizes=\"(max-width: 1024px) 100vw, 1024px\" \/><\/figure>\n\n\n\n<figure class=\"wp-block-image size-large\"><img decoding=\"async\" width=\"1024\" height=\"768\" data-id=\"1699\" src=\"https:\/\/www.mobilfest.eu\/festival\/wp-content\/uploads\/2023\/08\/Galaxy-S23-Series_Image_02_HI-1024x768.jpg\" alt=\"\" class=\"wp-image-1699\" srcset=\"https:\/\/www.mobilfest.eu\/festival\/wp-content\/uploads\/2023\/08\/Galaxy-S23-Series_Image_02_HI-200x150.jpg 200w, https:\/\/www.mobilfest.eu\/festival\/wp-content\/uploads\/2023\/08\/Galaxy-S23-Series_Image_02_HI-300x225.jpg 300w, https:\/\/www.mobilfest.eu\/festival\/wp-content\/uploads\/2023\/08\/Galaxy-S23-Series_Image_02_HI-400x300.jpg 400w, https:\/\/www.mobilfest.eu\/festival\/wp-content\/uploads\/2023\/08\/Galaxy-S23-Series_Image_02_HI-600x450.jpg 600w, https:\/\/www.mobilfest.eu\/festival\/wp-content\/uploads\/2023\/08\/Galaxy-S23-Series_Image_02_HI-768x576.jpg 768w, https:\/\/www.mobilfest.eu\/festival\/wp-content\/uploads\/2023\/08\/Galaxy-S23-Series_Image_02_HI-800x600.jpg 800w, https:\/\/www.mobilfest.eu\/festival\/wp-content\/uploads\/2023\/08\/Galaxy-S23-Series_Image_02_HI-1024x768.jpg 1024w, https:\/\/www.mobilfest.eu\/festival\/wp-content\/uploads\/2023\/08\/Galaxy-S23-Series_Image_02_HI-1200x900.jpg 1200w, https:\/\/www.mobilfest.eu\/festival\/wp-content\/uploads\/2023\/08\/Galaxy-S23-Series_Image_02_HI-1536x1152.jpg 1536w\" sizes=\"(max-width: 1024px) 100vw, 1024px\" \/><\/figure>\n\n\n\n<figure class=\"wp-block-image size-large\"><img decoding=\"async\" width=\"1024\" height=\"691\" data-id=\"1698\" src=\"https:\/\/www.mobilfest.eu\/festival\/wp-content\/uploads\/2023\/08\/Galaxy-S23_Lifestyle_01_HI-1024x691.jpg\" alt=\"\" class=\"wp-image-1698\" srcset=\"https:\/\/www.mobilfest.eu\/festival\/wp-content\/uploads\/2023\/08\/Galaxy-S23_Lifestyle_01_HI-200x135.jpg 200w, https:\/\/www.mobilfest.eu\/festival\/wp-content\/uploads\/2023\/08\/Galaxy-S23_Lifestyle_01_HI-300x202.jpg 300w, https:\/\/www.mobilfest.eu\/festival\/wp-content\/uploads\/2023\/08\/Galaxy-S23_Lifestyle_01_HI-400x270.jpg 400w, https:\/\/www.mobilfest.eu\/festival\/wp-content\/uploads\/2023\/08\/Galaxy-S23_Lifestyle_01_HI-600x405.jpg 600w, https:\/\/www.mobilfest.eu\/festival\/wp-content\/uploads\/2023\/08\/Galaxy-S23_Lifestyle_01_HI-768x518.jpg 768w, https:\/\/www.mobilfest.eu\/festival\/wp-content\/uploads\/2023\/08\/Galaxy-S23_Lifestyle_01_HI-800x540.jpg 800w, https:\/\/www.mobilfest.eu\/festival\/wp-content\/uploads\/2023\/08\/Galaxy-S23_Lifestyle_01_HI-1024x691.jpg 1024w, https:\/\/www.mobilfest.eu\/festival\/wp-content\/uploads\/2023\/08\/Galaxy-S23_Lifestyle_01_HI-1200x809.jpg 1200w, https:\/\/www.mobilfest.eu\/festival\/wp-content\/uploads\/2023\/08\/Galaxy-S23_Lifestyle_01_HI-1536x1036.jpg 1536w\" sizes=\"(max-width: 1024px) 100vw, 1024px\" \/><\/figure>\n\n\n\n<figure class=\"wp-block-image size-large\"><img decoding=\"async\" width=\"1024\" height=\"683\" data-id=\"1697\" src=\"https:\/\/www.mobilfest.eu\/festival\/wp-content\/uploads\/2023\/08\/096_Galaxy_flip5_lifestyle_ocean_green_HI-1024x683.jpg\" alt=\"\" class=\"wp-image-1697\" srcset=\"https:\/\/www.mobilfest.eu\/festival\/wp-content\/uploads\/2023\/08\/096_Galaxy_flip5_lifestyle_ocean_green_HI-200x133.jpg 200w, https:\/\/www.mobilfest.eu\/festival\/wp-content\/uploads\/2023\/08\/096_Galaxy_flip5_lifestyle_ocean_green_HI-300x200.jpg 300w, https:\/\/www.mobilfest.eu\/festival\/wp-content\/uploads\/2023\/08\/096_Galaxy_flip5_lifestyle_ocean_green_HI-400x267.jpg 400w, https:\/\/www.mobilfest.eu\/festival\/wp-content\/uploads\/2023\/08\/096_Galaxy_flip5_lifestyle_ocean_green_HI-600x400.jpg 600w, https:\/\/www.mobilfest.eu\/festival\/wp-content\/uploads\/2023\/08\/096_Galaxy_flip5_lifestyle_ocean_green_HI-768x512.jpg 768w, https:\/\/www.mobilfest.eu\/festival\/wp-content\/uploads\/2023\/08\/096_Galaxy_flip5_lifestyle_ocean_green_HI-800x533.jpg 800w, https:\/\/www.mobilfest.eu\/festival\/wp-content\/uploads\/2023\/08\/096_Galaxy_flip5_lifestyle_ocean_green_HI-1024x683.jpg 1024w, https:\/\/www.mobilfest.eu\/festival\/wp-content\/uploads\/2023\/08\/096_Galaxy_flip5_lifestyle_ocean_green_HI-1200x800.jpg 1200w, https:\/\/www.mobilfest.eu\/festival\/wp-content\/uploads\/2023\/08\/096_Galaxy_flip5_lifestyle_ocean_green_HI-1536x1024.jpg 1536w\" sizes=\"(max-width: 1024px) 100vw, 1024px\" \/><\/figure>\n\n\n\n<figure class=\"wp-block-image size-large\"><img decoding=\"async\" width=\"683\" height=\"1024\" data-id=\"1694\" src=\"https:\/\/www.mobilfest.eu\/festival\/wp-content\/uploads\/2023\/08\/091_Galaxy_flip5W6S_hands-on_lavendersilver_HI-683x1024.jpg\" alt=\"\" class=\"wp-image-1694\" srcset=\"https:\/\/www.mobilfest.eu\/festival\/wp-content\/uploads\/2023\/08\/091_Galaxy_flip5W6S_hands-on_lavendersilver_HI-200x300.jpg 200w, https:\/\/www.mobilfest.eu\/festival\/wp-content\/uploads\/2023\/08\/091_Galaxy_flip5W6S_hands-on_lavendersilver_HI-400x600.jpg 400w, https:\/\/www.mobilfest.eu\/festival\/wp-content\/uploads\/2023\/08\/091_Galaxy_flip5W6S_hands-on_lavendersilver_HI-600x900.jpg 600w, https:\/\/www.mobilfest.eu\/festival\/wp-content\/uploads\/2023\/08\/091_Galaxy_flip5W6S_hands-on_lavendersilver_HI-683x1024.jpg 683w, https:\/\/www.mobilfest.eu\/festival\/wp-content\/uploads\/2023\/08\/091_Galaxy_flip5W6S_hands-on_lavendersilver_HI-768x1152.jpg 768w, https:\/\/www.mobilfest.eu\/festival\/wp-content\/uploads\/2023\/08\/091_Galaxy_flip5W6S_hands-on_lavendersilver_HI-800x1200.jpg 800w, https:\/\/www.mobilfest.eu\/festival\/wp-content\/uploads\/2023\/08\/091_Galaxy_flip5W6S_hands-on_lavendersilver_HI-1024x1536.jpg 1024w, https:\/\/www.mobilfest.eu\/festival\/wp-content\/uploads\/2023\/08\/091_Galaxy_flip5W6S_hands-on_lavendersilver_HI-1200x1800.jpg 1200w, https:\/\/www.mobilfest.eu\/festival\/wp-content\/uploads\/2023\/08\/091_Galaxy_flip5W6S_hands-on_lavendersilver_HI-1365x2048.jpg 1365w, https:\/\/www.mobilfest.eu\/festival\/wp-content\/uploads\/2023\/08\/091_Galaxy_flip5W6S_hands-on_lavendersilver_HI-scaled.jpg 1707w\" sizes=\"(max-width: 683px) 100vw, 683px\" \/><\/figure>\n\n\n\n<figure class=\"wp-block-image size-large\"><img decoding=\"async\" width=\"1024\" height=\"683\" data-id=\"1696\" src=\"https:\/\/www.mobilfest.eu\/festival\/wp-content\/uploads\/2023\/08\/090_Galaxy_flip5_hands-on_lavender_HI-1024x683.jpg\" alt=\"\" class=\"wp-image-1696\" srcset=\"https:\/\/www.mobilfest.eu\/festival\/wp-content\/uploads\/2023\/08\/090_Galaxy_flip5_hands-on_lavender_HI-200x133.jpg 200w, https:\/\/www.mobilfest.eu\/festival\/wp-content\/uploads\/2023\/08\/090_Galaxy_flip5_hands-on_lavender_HI-300x200.jpg 300w, https:\/\/www.mobilfest.eu\/festival\/wp-content\/uploads\/2023\/08\/090_Galaxy_flip5_hands-on_lavender_HI-400x267.jpg 400w, https:\/\/www.mobilfest.eu\/festival\/wp-content\/uploads\/2023\/08\/090_Galaxy_flip5_hands-on_lavender_HI-600x400.jpg 600w, https:\/\/www.mobilfest.eu\/festival\/wp-content\/uploads\/2023\/08\/090_Galaxy_flip5_hands-on_lavender_HI-768x512.jpg 768w, https:\/\/www.mobilfest.eu\/festival\/wp-content\/uploads\/2023\/08\/090_Galaxy_flip5_hands-on_lavender_HI-800x533.jpg 800w, https:\/\/www.mobilfest.eu\/festival\/wp-content\/uploads\/2023\/08\/090_Galaxy_flip5_hands-on_lavender_HI-1024x683.jpg 1024w, https:\/\/www.mobilfest.eu\/festival\/wp-content\/uploads\/2023\/08\/090_Galaxy_flip5_hands-on_lavender_HI-1200x800.jpg 1200w, https:\/\/www.mobilfest.eu\/festival\/wp-content\/uploads\/2023\/08\/090_Galaxy_flip5_hands-on_lavender_HI-1536x1024.jpg 1536w\" sizes=\"(max-width: 1024px) 100vw, 1024px\" \/><\/figure>\n<\/figure>\n\n\n\n<hr class=\"wp-block-separator aligncenter has-alpha-channel-opacity\"\/>\n","protected":false},"excerpt":{"rendered":"<p>Mobilfest 2023 prin\u00e1\u0161a nieko\u013eko noviniek. Najz\u00e1sadnej\u0161ou zmenou \u00f4smeho ro\u010dn\u00edka je, [&hellip;]<\/p>\n","protected":false},"author":2,"featured_media":1611,"comment_status":"closed","ping_status":"closed","sticky":false,"template":"","format":"standard","meta":{"footnotes":""},"categories":[31],"tags":[],"class_list":["post-1495","post","type-post","status-publish","format-standard","has-post-thumbnail","hentry","category-mobilfest"],"aioseo_notices":[],"jetpack_featured_media_url":"https:\/\/www.mobilfest.eu\/festival\/wp-content\/uploads\/2023\/08\/75332805_10157064206524023_3516641586135957504_n.jpg","_links":{"self":[{"href":"https:\/\/www.mobilfest.eu\/festival\/wp-json\/wp\/v2\/posts\/1495","targetHints":{"allow":["GET"]}}],"collection":[{"href":"https:\/\/www.mobilfest.eu\/festival\/wp-json\/wp\/v2\/posts"}],"about":[{"href":"https:\/\/www.mobilfest.eu\/festival\/wp-json\/wp\/v2\/types\/post"}],"author":[{"embeddable":true,"href":"https:\/\/www.mobilfest.eu\/festival\/wp-json\/wp\/v2\/users\/2"}],"replies":[{"embeddable":true,"href":"https:\/\/www.mobilfest.eu\/festival\/wp-json\/wp\/v2\/comments?post=1495"}],"version-history":[{"count":5,"href":"https:\/\/www.mobilfest.eu\/festival\/wp-json\/wp\/v2\/posts\/1495\/revisions"}],"predecessor-version":[{"id":1941,"href":"https:\/\/www.mobilfest.eu\/festival\/wp-json\/wp\/v2\/posts\/1495\/revisions\/1941"}],"wp:featuredmedia":[{"embeddable":true,"href":"https:\/\/www.mobilfest.eu\/festival\/wp-json\/wp\/v2\/media\/1611"}],"wp:attachment":[{"href":"https:\/\/www.mobilfest.eu\/festival\/wp-json\/wp\/v2\/media?parent=1495"}],"wp:term":[{"taxonomy":"category","embeddable":true,"href":"https:\/\/www.mobilfest.eu\/festival\/wp-json\/wp\/v2\/categories?post=1495"},{"taxonomy":"post_tag","embeddable":true,"href":"https:\/\/www.mobilfest.eu\/festival\/wp-json\/wp\/v2\/tags?post=1495"}],"curies":[{"name":"wp","href":"https:\/\/api.w.org\/{rel}","templated":true}]}}