{"id":1946,"date":"2023-09-12T11:28:07","date_gmt":"2023-09-12T09:28:07","guid":{"rendered":"https:\/\/www.mobilfest.eu\/festival\/?p=1946"},"modified":"2023-09-12T11:28:09","modified_gmt":"2023-09-12T09:28:09","slug":"pomocky-od-samsungu-dorazili","status":"publish","type":"post","link":"https:\/\/www.mobilfest.eu\/festival\/pomocky-od-samsungu-dorazili\/","title":{"rendered":"Pom\u00f4cky od Samsungu dorazili"},"content":{"rendered":"\n<p>\u0160tudenti Filmovej \u0161koly vysk\u00fa\u0161ali mobiln\u00e9 telef\u00f3ny  a tablety od Samsungu po\u010das Ateli\u00e9rovej tvorby.  <\/p>\n\n\n\n<figure class=\"wp-block-gallery has-nested-images columns-default is-cropped wp-block-gallery-1 is-layout-flex wp-block-gallery-is-layout-flex\">\n<figure class=\"wp-block-image size-large\"><img decoding=\"async\" width=\"683\" height=\"1024\" data-id=\"1948\" src=\"https:\/\/www.mobilfest.eu\/festival\/wp-content\/uploads\/2023\/09\/3mobilfest_druhaci-683x1024.jpg\" alt=\"\" class=\"wp-image-1948\" srcset=\"https:\/\/www.mobilfest.eu\/festival\/wp-content\/uploads\/2023\/09\/3mobilfest_druhaci-200x300.jpg 200w, https:\/\/www.mobilfest.eu\/festival\/wp-content\/uploads\/2023\/09\/3mobilfest_druhaci-400x600.jpg 400w, https:\/\/www.mobilfest.eu\/festival\/wp-content\/uploads\/2023\/09\/3mobilfest_druhaci-600x900.jpg 600w, https:\/\/www.mobilfest.eu\/festival\/wp-content\/uploads\/2023\/09\/3mobilfest_druhaci-683x1024.jpg 683w, https:\/\/www.mobilfest.eu\/festival\/wp-content\/uploads\/2023\/09\/3mobilfest_druhaci-768x1152.jpg 768w, https:\/\/www.mobilfest.eu\/festival\/wp-content\/uploads\/2023\/09\/3mobilfest_druhaci-800x1200.jpg 800w, https:\/\/www.mobilfest.eu\/festival\/wp-content\/uploads\/2023\/09\/3mobilfest_druhaci-1024x1536.jpg 1024w, https:\/\/www.mobilfest.eu\/festival\/wp-content\/uploads\/2023\/09\/3mobilfest_druhaci-1200x1800.jpg 1200w, https:\/\/www.mobilfest.eu\/festival\/wp-content\/uploads\/2023\/09\/3mobilfest_druhaci-1365x2048.jpg 1365w, https:\/\/www.mobilfest.eu\/festival\/wp-content\/uploads\/2023\/09\/3mobilfest_druhaci-scaled.jpg 1707w\" sizes=\"(max-width: 683px) 100vw, 683px\" \/><\/figure>\n\n\n\n<figure class=\"wp-block-image size-large\"><img decoding=\"async\" width=\"1024\" height=\"683\" data-id=\"1949\" src=\"https:\/\/www.mobilfest.eu\/festival\/wp-content\/uploads\/2023\/09\/6mobilfest_druhaci-1024x683.jpg\" alt=\"\" class=\"wp-image-1949\" srcset=\"https:\/\/www.mobilfest.eu\/festival\/wp-content\/uploads\/2023\/09\/6mobilfest_druhaci-200x133.jpg 200w, https:\/\/www.mobilfest.eu\/festival\/wp-content\/uploads\/2023\/09\/6mobilfest_druhaci-300x200.jpg 300w, https:\/\/www.mobilfest.eu\/festival\/wp-content\/uploads\/2023\/09\/6mobilfest_druhaci-400x267.jpg 400w, https:\/\/www.mobilfest.eu\/festival\/wp-content\/uploads\/2023\/09\/6mobilfest_druhaci-600x400.jpg 600w, https:\/\/www.mobilfest.eu\/festival\/wp-content\/uploads\/2023\/09\/6mobilfest_druhaci-768x512.jpg 768w, https:\/\/www.mobilfest.eu\/festival\/wp-content\/uploads\/2023\/09\/6mobilfest_druhaci-800x533.jpg 800w, https:\/\/www.mobilfest.eu\/festival\/wp-content\/uploads\/2023\/09\/6mobilfest_druhaci-1024x683.jpg 1024w, https:\/\/www.mobilfest.eu\/festival\/wp-content\/uploads\/2023\/09\/6mobilfest_druhaci-1200x800.jpg 1200w, https:\/\/www.mobilfest.eu\/festival\/wp-content\/uploads\/2023\/09\/6mobilfest_druhaci-1536x1024.jpg 1536w\" sizes=\"(max-width: 1024px) 100vw, 1024px\" \/><\/figure>\n\n\n\n<figure class=\"wp-block-image size-large\"><img decoding=\"async\" width=\"1024\" height=\"683\" data-id=\"1950\" src=\"https:\/\/www.mobilfest.eu\/festival\/wp-content\/uploads\/2023\/09\/7mobilfest_druhaci-1024x683.jpg\" alt=\"\" class=\"wp-image-1950\" srcset=\"https:\/\/www.mobilfest.eu\/festival\/wp-content\/uploads\/2023\/09\/7mobilfest_druhaci-200x133.jpg 200w, https:\/\/www.mobilfest.eu\/festival\/wp-content\/uploads\/2023\/09\/7mobilfest_druhaci-300x200.jpg 300w, https:\/\/www.mobilfest.eu\/festival\/wp-content\/uploads\/2023\/09\/7mobilfest_druhaci-400x267.jpg 400w, https:\/\/www.mobilfest.eu\/festival\/wp-content\/uploads\/2023\/09\/7mobilfest_druhaci-600x400.jpg 600w, https:\/\/www.mobilfest.eu\/festival\/wp-content\/uploads\/2023\/09\/7mobilfest_druhaci-768x512.jpg 768w, https:\/\/www.mobilfest.eu\/festival\/wp-content\/uploads\/2023\/09\/7mobilfest_druhaci-800x533.jpg 800w, https:\/\/www.mobilfest.eu\/festival\/wp-content\/uploads\/2023\/09\/7mobilfest_druhaci-1024x683.jpg 1024w, https:\/\/www.mobilfest.eu\/festival\/wp-content\/uploads\/2023\/09\/7mobilfest_druhaci-1200x800.jpg 1200w, https:\/\/www.mobilfest.eu\/festival\/wp-content\/uploads\/2023\/09\/7mobilfest_druhaci-1536x1024.jpg 1536w\" sizes=\"(max-width: 1024px) 100vw, 1024px\" \/><\/figure>\n\n\n\n<figure class=\"wp-block-image size-large\"><img decoding=\"async\" width=\"576\" height=\"1024\" data-id=\"1953\" src=\"https:\/\/www.mobilfest.eu\/festival\/wp-content\/uploads\/2023\/09\/IMG_2936-576x1024.jpeg\" alt=\"\" class=\"wp-image-1953\" srcset=\"https:\/\/www.mobilfest.eu\/festival\/wp-content\/uploads\/2023\/09\/IMG_2936-169x300.jpeg 169w, https:\/\/www.mobilfest.eu\/festival\/wp-content\/uploads\/2023\/09\/IMG_2936-200x355.jpeg 200w, https:\/\/www.mobilfest.eu\/festival\/wp-content\/uploads\/2023\/09\/IMG_2936-400x711.jpeg 400w, https:\/\/www.mobilfest.eu\/festival\/wp-content\/uploads\/2023\/09\/IMG_2936-576x1024.jpeg 576w, https:\/\/www.mobilfest.eu\/festival\/wp-content\/uploads\/2023\/09\/IMG_2936-600x1066.jpeg 600w, https:\/\/www.mobilfest.eu\/festival\/wp-content\/uploads\/2023\/09\/IMG_2936-768x1365.jpeg 768w, https:\/\/www.mobilfest.eu\/festival\/wp-content\/uploads\/2023\/09\/IMG_2936-800x1422.jpeg 800w, https:\/\/www.mobilfest.eu\/festival\/wp-content\/uploads\/2023\/09\/IMG_2936-864x1536.jpeg 864w, https:\/\/www.mobilfest.eu\/festival\/wp-content\/uploads\/2023\/09\/IMG_2936-1152x2048.jpeg 1152w, https:\/\/www.mobilfest.eu\/festival\/wp-content\/uploads\/2023\/09\/IMG_2936-1200x2133.jpeg 1200w, https:\/\/www.mobilfest.eu\/festival\/wp-content\/uploads\/2023\/09\/IMG_2936-scaled.jpeg 1440w\" sizes=\"(max-width: 576px) 100vw, 576px\" \/><\/figure>\n\n\n\n<figure class=\"wp-block-image size-large\"><img decoding=\"async\" width=\"1024\" height=\"576\" data-id=\"1951\" src=\"https:\/\/www.mobilfest.eu\/festival\/wp-content\/uploads\/2023\/09\/IMG_2965-1024x576.jpeg\" alt=\"\" class=\"wp-image-1951\" srcset=\"https:\/\/www.mobilfest.eu\/festival\/wp-content\/uploads\/2023\/09\/IMG_2965-200x113.jpeg 200w, https:\/\/www.mobilfest.eu\/festival\/wp-content\/uploads\/2023\/09\/IMG_2965-300x169.jpeg 300w, https:\/\/www.mobilfest.eu\/festival\/wp-content\/uploads\/2023\/09\/IMG_2965-400x225.jpeg 400w, https:\/\/www.mobilfest.eu\/festival\/wp-content\/uploads\/2023\/09\/IMG_2965-600x338.jpeg 600w, https:\/\/www.mobilfest.eu\/festival\/wp-content\/uploads\/2023\/09\/IMG_2965-768x432.jpeg 768w, https:\/\/www.mobilfest.eu\/festival\/wp-content\/uploads\/2023\/09\/IMG_2965-800x450.jpeg 800w, https:\/\/www.mobilfest.eu\/festival\/wp-content\/uploads\/2023\/09\/IMG_2965-1024x576.jpeg 1024w, https:\/\/www.mobilfest.eu\/festival\/wp-content\/uploads\/2023\/09\/IMG_2965-1200x675.jpeg 1200w, https:\/\/www.mobilfest.eu\/festival\/wp-content\/uploads\/2023\/09\/IMG_2965-1536x864.jpeg 1536w\" sizes=\"(max-width: 1024px) 100vw, 1024px\" \/><\/figure>\n\n\n\n<figure class=\"wp-block-image size-large\"><img decoding=\"async\" width=\"1024\" height=\"576\" data-id=\"1952\" src=\"https:\/\/www.mobilfest.eu\/festival\/wp-content\/uploads\/2023\/09\/samsungtitulka_-1024x576.jpg\" alt=\"\" class=\"wp-image-1952\" srcset=\"https:\/\/www.mobilfest.eu\/festival\/wp-content\/uploads\/2023\/09\/samsungtitulka_-200x113.jpg 200w, https:\/\/www.mobilfest.eu\/festival\/wp-content\/uploads\/2023\/09\/samsungtitulka_-300x169.jpg 300w, https:\/\/www.mobilfest.eu\/festival\/wp-content\/uploads\/2023\/09\/samsungtitulka_-400x225.jpg 400w, https:\/\/www.mobilfest.eu\/festival\/wp-content\/uploads\/2023\/09\/samsungtitulka_-600x338.jpg 600w, https:\/\/www.mobilfest.eu\/festival\/wp-content\/uploads\/2023\/09\/samsungtitulka_-768x432.jpg 768w, https:\/\/www.mobilfest.eu\/festival\/wp-content\/uploads\/2023\/09\/samsungtitulka_-800x450.jpg 800w, https:\/\/www.mobilfest.eu\/festival\/wp-content\/uploads\/2023\/09\/samsungtitulka_-1024x576.jpg 1024w, https:\/\/www.mobilfest.eu\/festival\/wp-content\/uploads\/2023\/09\/samsungtitulka_-1200x675.jpg 1200w, https:\/\/www.mobilfest.eu\/festival\/wp-content\/uploads\/2023\/09\/samsungtitulka_-1536x864.jpg 1536w\" sizes=\"(max-width: 1024px) 100vw, 1024px\" \/><\/figure>\n\n\n\n<figure class=\"wp-block-image size-large\"><img decoding=\"async\" width=\"1024\" height=\"576\" data-id=\"1954\" src=\"https:\/\/www.mobilfest.eu\/festival\/wp-content\/uploads\/2023\/09\/fotopribe-2-1024x576.jpeg\" alt=\"\" class=\"wp-image-1954\" srcset=\"https:\/\/www.mobilfest.eu\/festival\/wp-content\/uploads\/2023\/09\/fotopribe-2-200x113.jpeg 200w, https:\/\/www.mobilfest.eu\/festival\/wp-content\/uploads\/2023\/09\/fotopribe-2-300x169.jpeg 300w, https:\/\/www.mobilfest.eu\/festival\/wp-content\/uploads\/2023\/09\/fotopribe-2-400x225.jpeg 400w, https:\/\/www.mobilfest.eu\/festival\/wp-content\/uploads\/2023\/09\/fotopribe-2-600x338.jpeg 600w, https:\/\/www.mobilfest.eu\/festival\/wp-content\/uploads\/2023\/09\/fotopribe-2-768x432.jpeg 768w, https:\/\/www.mobilfest.eu\/festival\/wp-content\/uploads\/2023\/09\/fotopribe-2-800x450.jpeg 800w, https:\/\/www.mobilfest.eu\/festival\/wp-content\/uploads\/2023\/09\/fotopribe-2-1024x576.jpeg 1024w, https:\/\/www.mobilfest.eu\/festival\/wp-content\/uploads\/2023\/09\/fotopribe-2-1200x675.jpeg 1200w, https:\/\/www.mobilfest.eu\/festival\/wp-content\/uploads\/2023\/09\/fotopribe-2-1536x864.jpeg 1536w\" sizes=\"(max-width: 1024px) 100vw, 1024px\" \/><\/figure>\n<\/figure>\n\n\n\n<figure class=\"wp-block-gallery has-nested-images columns-default is-cropped wp-block-gallery-2 is-layout-flex wp-block-gallery-is-layout-flex\">\n<figure class=\"wp-block-image size-large\"><img decoding=\"async\" width=\"683\" height=\"1024\" data-id=\"1955\" src=\"https:\/\/www.mobilfest.eu\/festival\/wp-content\/uploads\/2023\/09\/untitled-2SKUPINAKAJA-683x1024.jpg\" alt=\"\" class=\"wp-image-1955\" srcset=\"https:\/\/www.mobilfest.eu\/festival\/wp-content\/uploads\/2023\/09\/untitled-2SKUPINAKAJA-200x300.jpg 200w, https:\/\/www.mobilfest.eu\/festival\/wp-content\/uploads\/2023\/09\/untitled-2SKUPINAKAJA-400x600.jpg 400w, https:\/\/www.mobilfest.eu\/festival\/wp-content\/uploads\/2023\/09\/untitled-2SKUPINAKAJA-600x900.jpg 600w, https:\/\/www.mobilfest.eu\/festival\/wp-content\/uploads\/2023\/09\/untitled-2SKUPINAKAJA-683x1024.jpg 683w, https:\/\/www.mobilfest.eu\/festival\/wp-content\/uploads\/2023\/09\/untitled-2SKUPINAKAJA-768x1152.jpg 768w, https:\/\/www.mobilfest.eu\/festival\/wp-content\/uploads\/2023\/09\/untitled-2SKUPINAKAJA-800x1200.jpg 800w, https:\/\/www.mobilfest.eu\/festival\/wp-content\/uploads\/2023\/09\/untitled-2SKUPINAKAJA-1024x1536.jpg 1024w, https:\/\/www.mobilfest.eu\/festival\/wp-content\/uploads\/2023\/09\/untitled-2SKUPINAKAJA-1200x1800.jpg 1200w, https:\/\/www.mobilfest.eu\/festival\/wp-content\/uploads\/2023\/09\/untitled-2SKUPINAKAJA.jpg 1280w\" sizes=\"(max-width: 683px) 100vw, 683px\" \/><\/figure>\n\n\n\n<figure class=\"wp-block-image size-large\"><img decoding=\"async\" width=\"683\" height=\"1024\" data-id=\"1956\" src=\"https:\/\/www.mobilfest.eu\/festival\/wp-content\/uploads\/2023\/09\/untitled-3SKUPINAKAJA-683x1024.jpg\" alt=\"\" class=\"wp-image-1956\" srcset=\"https:\/\/www.mobilfest.eu\/festival\/wp-content\/uploads\/2023\/09\/untitled-3SKUPINAKAJA-200x300.jpg 200w, https:\/\/www.mobilfest.eu\/festival\/wp-content\/uploads\/2023\/09\/untitled-3SKUPINAKAJA-400x600.jpg 400w, https:\/\/www.mobilfest.eu\/festival\/wp-content\/uploads\/2023\/09\/untitled-3SKUPINAKAJA-600x900.jpg 600w, https:\/\/www.mobilfest.eu\/festival\/wp-content\/uploads\/2023\/09\/untitled-3SKUPINAKAJA-683x1024.jpg 683w, https:\/\/www.mobilfest.eu\/festival\/wp-content\/uploads\/2023\/09\/untitled-3SKUPINAKAJA-768x1152.jpg 768w, https:\/\/www.mobilfest.eu\/festival\/wp-content\/uploads\/2023\/09\/untitled-3SKUPINAKAJA-800x1200.jpg 800w, https:\/\/www.mobilfest.eu\/festival\/wp-content\/uploads\/2023\/09\/untitled-3SKUPINAKAJA-1024x1536.jpg 1024w, https:\/\/www.mobilfest.eu\/festival\/wp-content\/uploads\/2023\/09\/untitled-3SKUPINAKAJA-1200x1800.jpg 1200w, https:\/\/www.mobilfest.eu\/festival\/wp-content\/uploads\/2023\/09\/untitled-3SKUPINAKAJA.jpg 1280w\" sizes=\"(max-width: 683px) 100vw, 683px\" \/><\/figure>\n\n\n\n<figure class=\"wp-block-image size-large\"><img decoding=\"async\" width=\"683\" height=\"1024\" data-id=\"1957\" src=\"https:\/\/www.mobilfest.eu\/festival\/wp-content\/uploads\/2023\/09\/IMGL9861-683x1024.jpg\" alt=\"\" class=\"wp-image-1957\" srcset=\"https:\/\/www.mobilfest.eu\/festival\/wp-content\/uploads\/2023\/09\/IMGL9861-200x300.jpg 200w, https:\/\/www.mobilfest.eu\/festival\/wp-content\/uploads\/2023\/09\/IMGL9861-400x600.jpg 400w, https:\/\/www.mobilfest.eu\/festival\/wp-content\/uploads\/2023\/09\/IMGL9861-600x900.jpg 600w, https:\/\/www.mobilfest.eu\/festival\/wp-content\/uploads\/2023\/09\/IMGL9861-683x1024.jpg 683w, https:\/\/www.mobilfest.eu\/festival\/wp-content\/uploads\/2023\/09\/IMGL9861-768x1152.jpg 768w, https:\/\/www.mobilfest.eu\/festival\/wp-content\/uploads\/2023\/09\/IMGL9861-800x1200.jpg 800w, https:\/\/www.mobilfest.eu\/festival\/wp-content\/uploads\/2023\/09\/IMGL9861-1024x1536.jpg 1024w, https:\/\/www.mobilfest.eu\/festival\/wp-content\/uploads\/2023\/09\/IMGL9861-1200x1800.jpg 1200w, https:\/\/www.mobilfest.eu\/festival\/wp-content\/uploads\/2023\/09\/IMGL9861-1365x2048.jpg 1365w, https:\/\/www.mobilfest.eu\/festival\/wp-content\/uploads\/2023\/09\/IMGL9861-scaled.jpg 1707w\" sizes=\"(max-width: 683px) 100vw, 683px\" \/><\/figure>\n<\/figure>\n\n\n\n<figure class=\"wp-block-gallery has-nested-images columns-default is-cropped wp-block-gallery-3 is-layout-flex wp-block-gallery-is-layout-flex\">\n<figure class=\"wp-block-image size-large\"><img decoding=\"async\" width=\"1024\" height=\"576\" data-id=\"1959\" src=\"https:\/\/www.mobilfest.eu\/festival\/wp-content\/uploads\/2023\/09\/fotopribe-2_1-copy-1-1024x576.jpeg\" alt=\"\" class=\"wp-image-1959\" srcset=\"https:\/\/www.mobilfest.eu\/festival\/wp-content\/uploads\/2023\/09\/fotopribe-2_1-copy-1-200x113.jpeg 200w, https:\/\/www.mobilfest.eu\/festival\/wp-content\/uploads\/2023\/09\/fotopribe-2_1-copy-1-300x169.jpeg 300w, https:\/\/www.mobilfest.eu\/festival\/wp-content\/uploads\/2023\/09\/fotopribe-2_1-copy-1-400x225.jpeg 400w, https:\/\/www.mobilfest.eu\/festival\/wp-content\/uploads\/2023\/09\/fotopribe-2_1-copy-1-600x338.jpeg 600w, https:\/\/www.mobilfest.eu\/festival\/wp-content\/uploads\/2023\/09\/fotopribe-2_1-copy-1-768x432.jpeg 768w, https:\/\/www.mobilfest.eu\/festival\/wp-content\/uploads\/2023\/09\/fotopribe-2_1-copy-1-800x450.jpeg 800w, https:\/\/www.mobilfest.eu\/festival\/wp-content\/uploads\/2023\/09\/fotopribe-2_1-copy-1-1024x576.jpeg 1024w, https:\/\/www.mobilfest.eu\/festival\/wp-content\/uploads\/2023\/09\/fotopribe-2_1-copy-1-1200x675.jpeg 1200w, https:\/\/www.mobilfest.eu\/festival\/wp-content\/uploads\/2023\/09\/fotopribe-2_1-copy-1-1536x864.jpeg 1536w\" sizes=\"(max-width: 1024px) 100vw, 1024px\" \/><\/figure>\n<\/figure>\n","protected":false},"excerpt":{"rendered":"<p>\u0160tudenti Filmovej \u0161koly vysk\u00fa\u0161ali mobiln\u00e9 telef\u00f3ny a tablety od Samsungu [&hellip;]<\/p>\n","protected":false},"author":2,"featured_media":1947,"comment_status":"closed","ping_status":"closed","sticky":false,"template":"","format":"standard","meta":{"footnotes":""},"categories":[31],"tags":[],"class_list":["post-1946","post","type-post","status-publish","format-standard","has-post-thumbnail","hentry","category-mobilfest"],"aioseo_notices":[],"jetpack_featured_media_url":"https:\/\/www.mobilfest.eu\/festival\/wp-content\/uploads\/2023\/09\/2mobilfest_druhaci-scaled.jpg","_links":{"self":[{"href":"https:\/\/www.mobilfest.eu\/festival\/wp-json\/wp\/v2\/posts\/1946","targetHints":{"allow":["GET"]}}],"collection":[{"href":"https:\/\/www.mobilfest.eu\/festival\/wp-json\/wp\/v2\/posts"}],"about":[{"href":"https:\/\/www.mobilfest.eu\/festival\/wp-json\/wp\/v2\/types\/post"}],"author":[{"embeddable":true,"href":"https:\/\/www.mobilfest.eu\/festival\/wp-json\/wp\/v2\/users\/2"}],"replies":[{"embeddable":true,"href":"https:\/\/www.mobilfest.eu\/festival\/wp-json\/wp\/v2\/comments?post=1946"}],"version-history":[{"count":1,"href":"https:\/\/www.mobilfest.eu\/festival\/wp-json\/wp\/v2\/posts\/1946\/revisions"}],"predecessor-version":[{"id":1960,"href":"https:\/\/www.mobilfest.eu\/festival\/wp-json\/wp\/v2\/posts\/1946\/revisions\/1960"}],"wp:featuredmedia":[{"embeddable":true,"href":"https:\/\/www.mobilfest.eu\/festival\/wp-json\/wp\/v2\/media\/1947"}],"wp:attachment":[{"href":"https:\/\/www.mobilfest.eu\/festival\/wp-json\/wp\/v2\/media?parent=1946"}],"wp:term":[{"taxonomy":"category","embeddable":true,"href":"https:\/\/www.mobilfest.eu\/festival\/wp-json\/wp\/v2\/categories?post=1946"},{"taxonomy":"post_tag","embeddable":true,"href":"https:\/\/www.mobilfest.eu\/festival\/wp-json\/wp\/v2\/tags?post=1946"}],"curies":[{"name":"wp","href":"https:\/\/api.w.org\/{rel}","templated":true}]}}