{"id":1964,"date":"2023-09-13T12:34:39","date_gmt":"2023-09-13T10:34:39","guid":{"rendered":"https:\/\/www.mobilfest.eu\/festival\/?p=1964"},"modified":"2023-09-13T12:35:55","modified_gmt":"2023-09-13T10:35:55","slug":"studenti-uz-nakrucaju-prve-filmy","status":"publish","type":"post","link":"https:\/\/www.mobilfest.eu\/festival\/studenti-uz-nakrucaju-prve-filmy\/","title":{"rendered":"\u0160tudenti u\u017e nakr\u00facaj\u00fa prv\u00e9 filmy"},"content":{"rendered":"\n<p>Na S\u00fakromnej \u0161kole umeleck\u00e9ho priemyslu filmovej u\u017e po\u010das Ateli\u00e9rovej tvorby vznikaj\u00fa prv\u00e9 filmy nakr\u00fatene mobiln\u00fdm telef\u00f3nom. Ich tvorbu zaznamenali \u0161tudenti: Daniel R\u00e1zus 3.F, Diana Tall, Krist\u00edna Kresnyeov\u00e1 4.F<\/p>\n\n\n\n<figure class=\"wp-block-gallery has-nested-images columns-default is-cropped wp-block-gallery-1 is-layout-flex wp-block-gallery-is-layout-flex\">\n<figure class=\"wp-block-image size-large\"><img decoding=\"async\" width=\"1024\" height=\"683\" data-id=\"1968\" src=\"https:\/\/www.mobilfest.eu\/festival\/wp-content\/uploads\/2023\/09\/mobilfest-razus-2-1024x683.jpg\" alt=\"\" class=\"wp-image-1968\" srcset=\"https:\/\/www.mobilfest.eu\/festival\/wp-content\/uploads\/2023\/09\/mobilfest-razus-2-200x133.jpg 200w, https:\/\/www.mobilfest.eu\/festival\/wp-content\/uploads\/2023\/09\/mobilfest-razus-2-300x200.jpg 300w, https:\/\/www.mobilfest.eu\/festival\/wp-content\/uploads\/2023\/09\/mobilfest-razus-2-400x267.jpg 400w, https:\/\/www.mobilfest.eu\/festival\/wp-content\/uploads\/2023\/09\/mobilfest-razus-2-600x400.jpg 600w, https:\/\/www.mobilfest.eu\/festival\/wp-content\/uploads\/2023\/09\/mobilfest-razus-2-768x512.jpg 768w, https:\/\/www.mobilfest.eu\/festival\/wp-content\/uploads\/2023\/09\/mobilfest-razus-2-800x533.jpg 800w, https:\/\/www.mobilfest.eu\/festival\/wp-content\/uploads\/2023\/09\/mobilfest-razus-2-1024x683.jpg 1024w, https:\/\/www.mobilfest.eu\/festival\/wp-content\/uploads\/2023\/09\/mobilfest-razus-2-1200x800.jpg 1200w, https:\/\/www.mobilfest.eu\/festival\/wp-content\/uploads\/2023\/09\/mobilfest-razus-2-1536x1024.jpg 1536w\" sizes=\"(max-width: 1024px) 100vw, 1024px\" \/><\/figure>\n\n\n\n<figure class=\"wp-block-image size-large\"><img decoding=\"async\" width=\"1024\" height=\"683\" data-id=\"1966\" src=\"https:\/\/www.mobilfest.eu\/festival\/wp-content\/uploads\/2023\/09\/mobilfest-razus-8-1024x683.jpg\" alt=\"\" class=\"wp-image-1966\" srcset=\"https:\/\/www.mobilfest.eu\/festival\/wp-content\/uploads\/2023\/09\/mobilfest-razus-8-200x133.jpg 200w, https:\/\/www.mobilfest.eu\/festival\/wp-content\/uploads\/2023\/09\/mobilfest-razus-8-300x200.jpg 300w, https:\/\/www.mobilfest.eu\/festival\/wp-content\/uploads\/2023\/09\/mobilfest-razus-8-400x267.jpg 400w, https:\/\/www.mobilfest.eu\/festival\/wp-content\/uploads\/2023\/09\/mobilfest-razus-8-600x400.jpg 600w, https:\/\/www.mobilfest.eu\/festival\/wp-content\/uploads\/2023\/09\/mobilfest-razus-8-768x512.jpg 768w, https:\/\/www.mobilfest.eu\/festival\/wp-content\/uploads\/2023\/09\/mobilfest-razus-8-800x533.jpg 800w, https:\/\/www.mobilfest.eu\/festival\/wp-content\/uploads\/2023\/09\/mobilfest-razus-8-1024x683.jpg 1024w, https:\/\/www.mobilfest.eu\/festival\/wp-content\/uploads\/2023\/09\/mobilfest-razus-8-1200x800.jpg 1200w, https:\/\/www.mobilfest.eu\/festival\/wp-content\/uploads\/2023\/09\/mobilfest-razus-8-1536x1024.jpg 1536w\" sizes=\"(max-width: 1024px) 100vw, 1024px\" \/><\/figure>\n\n\n\n<figure class=\"wp-block-image size-large\"><img decoding=\"async\" width=\"1024\" height=\"683\" data-id=\"1967\" src=\"https:\/\/www.mobilfest.eu\/festival\/wp-content\/uploads\/2023\/09\/mobilfest-razus-9-1024x683.jpg\" alt=\"\" class=\"wp-image-1967\" srcset=\"https:\/\/www.mobilfest.eu\/festival\/wp-content\/uploads\/2023\/09\/mobilfest-razus-9-200x133.jpg 200w, https:\/\/www.mobilfest.eu\/festival\/wp-content\/uploads\/2023\/09\/mobilfest-razus-9-300x200.jpg 300w, https:\/\/www.mobilfest.eu\/festival\/wp-content\/uploads\/2023\/09\/mobilfest-razus-9-400x267.jpg 400w, https:\/\/www.mobilfest.eu\/festival\/wp-content\/uploads\/2023\/09\/mobilfest-razus-9-600x400.jpg 600w, https:\/\/www.mobilfest.eu\/festival\/wp-content\/uploads\/2023\/09\/mobilfest-razus-9-768x512.jpg 768w, https:\/\/www.mobilfest.eu\/festival\/wp-content\/uploads\/2023\/09\/mobilfest-razus-9-800x533.jpg 800w, https:\/\/www.mobilfest.eu\/festival\/wp-content\/uploads\/2023\/09\/mobilfest-razus-9-1024x683.jpg 1024w, https:\/\/www.mobilfest.eu\/festival\/wp-content\/uploads\/2023\/09\/mobilfest-razus-9-1200x800.jpg 1200w, https:\/\/www.mobilfest.eu\/festival\/wp-content\/uploads\/2023\/09\/mobilfest-razus-9-1536x1024.jpg 1536w\" sizes=\"(max-width: 1024px) 100vw, 1024px\" \/><\/figure>\n\n\n\n<figure class=\"wp-block-image size-large\"><img decoding=\"async\" width=\"1024\" height=\"768\" data-id=\"1973\" src=\"https:\/\/www.mobilfest.eu\/festival\/wp-content\/uploads\/2023\/09\/375459788_789175473216540_7505893248823859111_n-1024x768.jpg\" alt=\"\" class=\"wp-image-1973\" srcset=\"https:\/\/www.mobilfest.eu\/festival\/wp-content\/uploads\/2023\/09\/375459788_789175473216540_7505893248823859111_n-200x150.jpg 200w, https:\/\/www.mobilfest.eu\/festival\/wp-content\/uploads\/2023\/09\/375459788_789175473216540_7505893248823859111_n-300x225.jpg 300w, https:\/\/www.mobilfest.eu\/festival\/wp-content\/uploads\/2023\/09\/375459788_789175473216540_7505893248823859111_n-400x300.jpg 400w, https:\/\/www.mobilfest.eu\/festival\/wp-content\/uploads\/2023\/09\/375459788_789175473216540_7505893248823859111_n-600x450.jpg 600w, https:\/\/www.mobilfest.eu\/festival\/wp-content\/uploads\/2023\/09\/375459788_789175473216540_7505893248823859111_n-768x576.jpg 768w, https:\/\/www.mobilfest.eu\/festival\/wp-content\/uploads\/2023\/09\/375459788_789175473216540_7505893248823859111_n-800x600.jpg 800w, https:\/\/www.mobilfest.eu\/festival\/wp-content\/uploads\/2023\/09\/375459788_789175473216540_7505893248823859111_n-1024x768.jpg 1024w, https:\/\/www.mobilfest.eu\/festival\/wp-content\/uploads\/2023\/09\/375459788_789175473216540_7505893248823859111_n-1200x900.jpg 1200w, https:\/\/www.mobilfest.eu\/festival\/wp-content\/uploads\/2023\/09\/375459788_789175473216540_7505893248823859111_n-1536x1152.jpg 1536w\" sizes=\"(max-width: 1024px) 100vw, 1024px\" \/><\/figure>\n\n\n\n<figure class=\"wp-block-image size-large\"><img decoding=\"async\" width=\"1024\" height=\"768\" data-id=\"1970\" src=\"https:\/\/www.mobilfest.eu\/festival\/wp-content\/uploads\/2023\/09\/375466599_789175589883195_3270687607563380475_n-1024x768.jpg\" alt=\"\" class=\"wp-image-1970\" srcset=\"https:\/\/www.mobilfest.eu\/festival\/wp-content\/uploads\/2023\/09\/375466599_789175589883195_3270687607563380475_n-200x150.jpg 200w, https:\/\/www.mobilfest.eu\/festival\/wp-content\/uploads\/2023\/09\/375466599_789175589883195_3270687607563380475_n-300x225.jpg 300w, https:\/\/www.mobilfest.eu\/festival\/wp-content\/uploads\/2023\/09\/375466599_789175589883195_3270687607563380475_n-400x300.jpg 400w, https:\/\/www.mobilfest.eu\/festival\/wp-content\/uploads\/2023\/09\/375466599_789175589883195_3270687607563380475_n-600x450.jpg 600w, https:\/\/www.mobilfest.eu\/festival\/wp-content\/uploads\/2023\/09\/375466599_789175589883195_3270687607563380475_n-768x576.jpg 768w, https:\/\/www.mobilfest.eu\/festival\/wp-content\/uploads\/2023\/09\/375466599_789175589883195_3270687607563380475_n-800x600.jpg 800w, https:\/\/www.mobilfest.eu\/festival\/wp-content\/uploads\/2023\/09\/375466599_789175589883195_3270687607563380475_n-1024x768.jpg 1024w, https:\/\/www.mobilfest.eu\/festival\/wp-content\/uploads\/2023\/09\/375466599_789175589883195_3270687607563380475_n-1200x900.jpg 1200w, https:\/\/www.mobilfest.eu\/festival\/wp-content\/uploads\/2023\/09\/375466599_789175589883195_3270687607563380475_n-1536x1152.jpg 1536w\" sizes=\"(max-width: 1024px) 100vw, 1024px\" \/><\/figure>\n\n\n\n<figure class=\"wp-block-image size-large\"><img decoding=\"async\" width=\"1024\" height=\"768\" data-id=\"1971\" src=\"https:\/\/www.mobilfest.eu\/festival\/wp-content\/uploads\/2023\/09\/375670780_789175666549854_5380161022809292507_n-1024x768.jpg\" alt=\"\" class=\"wp-image-1971\" srcset=\"https:\/\/www.mobilfest.eu\/festival\/wp-content\/uploads\/2023\/09\/375670780_789175666549854_5380161022809292507_n-200x150.jpg 200w, https:\/\/www.mobilfest.eu\/festival\/wp-content\/uploads\/2023\/09\/375670780_789175666549854_5380161022809292507_n-300x225.jpg 300w, https:\/\/www.mobilfest.eu\/festival\/wp-content\/uploads\/2023\/09\/375670780_789175666549854_5380161022809292507_n-400x300.jpg 400w, https:\/\/www.mobilfest.eu\/festival\/wp-content\/uploads\/2023\/09\/375670780_789175666549854_5380161022809292507_n-600x450.jpg 600w, https:\/\/www.mobilfest.eu\/festival\/wp-content\/uploads\/2023\/09\/375670780_789175666549854_5380161022809292507_n-768x576.jpg 768w, https:\/\/www.mobilfest.eu\/festival\/wp-content\/uploads\/2023\/09\/375670780_789175666549854_5380161022809292507_n-800x600.jpg 800w, https:\/\/www.mobilfest.eu\/festival\/wp-content\/uploads\/2023\/09\/375670780_789175666549854_5380161022809292507_n-1024x768.jpg 1024w, https:\/\/www.mobilfest.eu\/festival\/wp-content\/uploads\/2023\/09\/375670780_789175666549854_5380161022809292507_n-1200x900.jpg 1200w, https:\/\/www.mobilfest.eu\/festival\/wp-content\/uploads\/2023\/09\/375670780_789175666549854_5380161022809292507_n-1536x1152.jpg 1536w\" sizes=\"(max-width: 1024px) 100vw, 1024px\" \/><\/figure>\n\n\n\n<figure class=\"wp-block-image size-large\"><img decoding=\"async\" width=\"1024\" height=\"683\" data-id=\"1974\" src=\"https:\/\/www.mobilfest.eu\/festival\/wp-content\/uploads\/2023\/09\/mobilfest-razus-1-1024x683.jpg\" alt=\"\" class=\"wp-image-1974\" srcset=\"https:\/\/www.mobilfest.eu\/festival\/wp-content\/uploads\/2023\/09\/mobilfest-razus-1-200x133.jpg 200w, https:\/\/www.mobilfest.eu\/festival\/wp-content\/uploads\/2023\/09\/mobilfest-razus-1-300x200.jpg 300w, https:\/\/www.mobilfest.eu\/festival\/wp-content\/uploads\/2023\/09\/mobilfest-razus-1-400x267.jpg 400w, https:\/\/www.mobilfest.eu\/festival\/wp-content\/uploads\/2023\/09\/mobilfest-razus-1-600x400.jpg 600w, https:\/\/www.mobilfest.eu\/festival\/wp-content\/uploads\/2023\/09\/mobilfest-razus-1-768x512.jpg 768w, https:\/\/www.mobilfest.eu\/festival\/wp-content\/uploads\/2023\/09\/mobilfest-razus-1-800x533.jpg 800w, https:\/\/www.mobilfest.eu\/festival\/wp-content\/uploads\/2023\/09\/mobilfest-razus-1-1024x683.jpg 1024w, https:\/\/www.mobilfest.eu\/festival\/wp-content\/uploads\/2023\/09\/mobilfest-razus-1-1200x800.jpg 1200w, https:\/\/www.mobilfest.eu\/festival\/wp-content\/uploads\/2023\/09\/mobilfest-razus-1-1536x1024.jpg 1536w\" sizes=\"(max-width: 1024px) 100vw, 1024px\" \/><\/figure>\n<\/figure>\n\n\n\n<figure class=\"wp-block-gallery has-nested-images columns-default is-cropped wp-block-gallery-2 is-layout-flex wp-block-gallery-is-layout-flex\">\n<figure class=\"wp-block-image size-large\"><img decoding=\"async\" width=\"1024\" height=\"683\" data-id=\"1975\" src=\"https:\/\/www.mobilfest.eu\/festival\/wp-content\/uploads\/2023\/09\/mobilfest-razus-3-1024x683.jpg\" alt=\"\" class=\"wp-image-1975\" srcset=\"https:\/\/www.mobilfest.eu\/festival\/wp-content\/uploads\/2023\/09\/mobilfest-razus-3-200x133.jpg 200w, https:\/\/www.mobilfest.eu\/festival\/wp-content\/uploads\/2023\/09\/mobilfest-razus-3-300x200.jpg 300w, https:\/\/www.mobilfest.eu\/festival\/wp-content\/uploads\/2023\/09\/mobilfest-razus-3-400x267.jpg 400w, https:\/\/www.mobilfest.eu\/festival\/wp-content\/uploads\/2023\/09\/mobilfest-razus-3-600x400.jpg 600w, https:\/\/www.mobilfest.eu\/festival\/wp-content\/uploads\/2023\/09\/mobilfest-razus-3-768x512.jpg 768w, https:\/\/www.mobilfest.eu\/festival\/wp-content\/uploads\/2023\/09\/mobilfest-razus-3-800x533.jpg 800w, https:\/\/www.mobilfest.eu\/festival\/wp-content\/uploads\/2023\/09\/mobilfest-razus-3-1024x683.jpg 1024w, https:\/\/www.mobilfest.eu\/festival\/wp-content\/uploads\/2023\/09\/mobilfest-razus-3-1200x800.jpg 1200w, https:\/\/www.mobilfest.eu\/festival\/wp-content\/uploads\/2023\/09\/mobilfest-razus-3-1536x1024.jpg 1536w\" sizes=\"(max-width: 1024px) 100vw, 1024px\" \/><\/figure>\n\n\n\n<figure class=\"wp-block-image size-large\"><img decoding=\"async\" width=\"1024\" height=\"768\" data-id=\"1976\" src=\"https:\/\/www.mobilfest.eu\/festival\/wp-content\/uploads\/2023\/09\/375798059_789175619883192_6781414732776231259_n-1-1024x768.jpg\" alt=\"\" class=\"wp-image-1976\" srcset=\"https:\/\/www.mobilfest.eu\/festival\/wp-content\/uploads\/2023\/09\/375798059_789175619883192_6781414732776231259_n-1-200x150.jpg 200w, https:\/\/www.mobilfest.eu\/festival\/wp-content\/uploads\/2023\/09\/375798059_789175619883192_6781414732776231259_n-1-300x225.jpg 300w, https:\/\/www.mobilfest.eu\/festival\/wp-content\/uploads\/2023\/09\/375798059_789175619883192_6781414732776231259_n-1-400x300.jpg 400w, https:\/\/www.mobilfest.eu\/festival\/wp-content\/uploads\/2023\/09\/375798059_789175619883192_6781414732776231259_n-1-600x450.jpg 600w, https:\/\/www.mobilfest.eu\/festival\/wp-content\/uploads\/2023\/09\/375798059_789175619883192_6781414732776231259_n-1-768x576.jpg 768w, https:\/\/www.mobilfest.eu\/festival\/wp-content\/uploads\/2023\/09\/375798059_789175619883192_6781414732776231259_n-1-800x600.jpg 800w, https:\/\/www.mobilfest.eu\/festival\/wp-content\/uploads\/2023\/09\/375798059_789175619883192_6781414732776231259_n-1-1024x768.jpg 1024w, https:\/\/www.mobilfest.eu\/festival\/wp-content\/uploads\/2023\/09\/375798059_789175619883192_6781414732776231259_n-1-1200x900.jpg 1200w, https:\/\/www.mobilfest.eu\/festival\/wp-content\/uploads\/2023\/09\/375798059_789175619883192_6781414732776231259_n-1-1536x1152.jpg 1536w\" sizes=\"(max-width: 1024px) 100vw, 1024px\" \/><\/figure>\n<\/figure>\n","protected":false},"excerpt":{"rendered":"<p>Na S\u00fakromnej \u0161kole umeleck\u00e9ho priemyslu filmovej u\u017e po\u010das Ateli\u00e9rovej tvorby [&hellip;]<\/p>\n","protected":false},"author":2,"featured_media":1969,"comment_status":"closed","ping_status":"closed","sticky":false,"template":"","format":"standard","meta":{"footnotes":""},"categories":[31],"tags":[],"class_list":["post-1964","post","type-post","status-publish","format-standard","has-post-thumbnail","hentry","category-mobilfest"],"aioseo_notices":[],"jetpack_featured_media_url":"https:\/\/www.mobilfest.eu\/festival\/wp-content\/uploads\/2023\/09\/mobilfest-razus-7-scaled.jpg","_links":{"self":[{"href":"https:\/\/www.mobilfest.eu\/festival\/wp-json\/wp\/v2\/posts\/1964","targetHints":{"allow":["GET"]}}],"collection":[{"href":"https:\/\/www.mobilfest.eu\/festival\/wp-json\/wp\/v2\/posts"}],"about":[{"href":"https:\/\/www.mobilfest.eu\/festival\/wp-json\/wp\/v2\/types\/post"}],"author":[{"embeddable":true,"href":"https:\/\/www.mobilfest.eu\/festival\/wp-json\/wp\/v2\/users\/2"}],"replies":[{"embeddable":true,"href":"https:\/\/www.mobilfest.eu\/festival\/wp-json\/wp\/v2\/comments?post=1964"}],"version-history":[{"count":1,"href":"https:\/\/www.mobilfest.eu\/festival\/wp-json\/wp\/v2\/posts\/1964\/revisions"}],"predecessor-version":[{"id":1977,"href":"https:\/\/www.mobilfest.eu\/festival\/wp-json\/wp\/v2\/posts\/1964\/revisions\/1977"}],"wp:featuredmedia":[{"embeddable":true,"href":"https:\/\/www.mobilfest.eu\/festival\/wp-json\/wp\/v2\/media\/1969"}],"wp:attachment":[{"href":"https:\/\/www.mobilfest.eu\/festival\/wp-json\/wp\/v2\/media?parent=1964"}],"wp:term":[{"taxonomy":"category","embeddable":true,"href":"https:\/\/www.mobilfest.eu\/festival\/wp-json\/wp\/v2\/categories?post=1964"},{"taxonomy":"post_tag","embeddable":true,"href":"https:\/\/www.mobilfest.eu\/festival\/wp-json\/wp\/v2\/tags?post=1964"}],"curies":[{"name":"wp","href":"https:\/\/api.w.org\/{rel}","templated":true}]}}