{"id":2008,"date":"2023-09-28T15:11:10","date_gmt":"2023-09-28T13:11:10","guid":{"rendered":"https:\/\/www.mobilfest.eu\/festival\/?p=2008"},"modified":"2023-09-28T15:11:12","modified_gmt":"2023-09-28T13:11:12","slug":"prisli-dalsie-ceny","status":"publish","type":"post","link":"https:\/\/www.mobilfest.eu\/festival\/prisli-dalsie-ceny\/","title":{"rendered":"Pri\u0161li \u010fal\u0161ie ceny"},"content":{"rendered":"\n<p>N\u00e1\u0161 nov\u00fd partner &#8211; Panta rhei prispel do s\u00fa\u0165a\u017ee kni\u017en\u00fdmi cenami.  <\/p>\n\n\n\n<figure class=\"wp-block-image size-large is-resized\"><img decoding=\"async\" src=\"https:\/\/www.mobilfest.eu\/festival\/wp-content\/uploads\/2023\/09\/381686675_691980619482690_7920327823602568094_n-1-510x1024.jpg\" alt=\"\" class=\"wp-image-2010\" style=\"width:527px;height:1058px\" width=\"527\" height=\"1058\" srcset=\"https:\/\/www.mobilfest.eu\/festival\/wp-content\/uploads\/2023\/09\/381686675_691980619482690_7920327823602568094_n-1-149x300.jpg 149w, https:\/\/www.mobilfest.eu\/festival\/wp-content\/uploads\/2023\/09\/381686675_691980619482690_7920327823602568094_n-1-200x402.jpg 200w, https:\/\/www.mobilfest.eu\/festival\/wp-content\/uploads\/2023\/09\/381686675_691980619482690_7920327823602568094_n-1-400x803.jpg 400w, https:\/\/www.mobilfest.eu\/festival\/wp-content\/uploads\/2023\/09\/381686675_691980619482690_7920327823602568094_n-1-510x1024.jpg 510w, https:\/\/www.mobilfest.eu\/festival\/wp-content\/uploads\/2023\/09\/381686675_691980619482690_7920327823602568094_n-1-600x1205.jpg 600w, https:\/\/www.mobilfest.eu\/festival\/wp-content\/uploads\/2023\/09\/381686675_691980619482690_7920327823602568094_n-1-765x1536.jpg 765w, https:\/\/www.mobilfest.eu\/festival\/wp-content\/uploads\/2023\/09\/381686675_691980619482690_7920327823602568094_n-1-768x1542.jpg 768w, https:\/\/www.mobilfest.eu\/festival\/wp-content\/uploads\/2023\/09\/381686675_691980619482690_7920327823602568094_n-1-800x1607.jpg 800w, https:\/\/www.mobilfest.eu\/festival\/wp-content\/uploads\/2023\/09\/381686675_691980619482690_7920327823602568094_n-1.jpg 956w\" sizes=\"(max-width: 527px) 100vw, 527px\" \/><\/figure>\n","protected":false},"excerpt":{"rendered":"<p>N\u00e1\u0161 nov\u00fd partner &#8211; Panta rhei prispel do s\u00fa\u0165a\u017ee kni\u017en\u00fdmi [&hellip;]<\/p>\n","protected":false},"author":2,"featured_media":2009,"comment_status":"closed","ping_status":"closed","sticky":false,"template":"","format":"standard","meta":{"footnotes":""},"categories":[31],"tags":[],"class_list":["post-2008","post","type-post","status-publish","format-standard","has-post-thumbnail","hentry","category-mobilfest"],"aioseo_notices":[],"jetpack_featured_media_url":"https:\/\/www.mobilfest.eu\/festival\/wp-content\/uploads\/2023\/09\/381686675_691980619482690_7920327823602568094_n.jpg","_links":{"self":[{"href":"https:\/\/www.mobilfest.eu\/festival\/wp-json\/wp\/v2\/posts\/2008","targetHints":{"allow":["GET"]}}],"collection":[{"href":"https:\/\/www.mobilfest.eu\/festival\/wp-json\/wp\/v2\/posts"}],"about":[{"href":"https:\/\/www.mobilfest.eu\/festival\/wp-json\/wp\/v2\/types\/post"}],"author":[{"embeddable":true,"href":"https:\/\/www.mobilfest.eu\/festival\/wp-json\/wp\/v2\/users\/2"}],"replies":[{"embeddable":true,"href":"https:\/\/www.mobilfest.eu\/festival\/wp-json\/wp\/v2\/comments?post=2008"}],"version-history":[{"count":1,"href":"https:\/\/www.mobilfest.eu\/festival\/wp-json\/wp\/v2\/posts\/2008\/revisions"}],"predecessor-version":[{"id":2011,"href":"https:\/\/www.mobilfest.eu\/festival\/wp-json\/wp\/v2\/posts\/2008\/revisions\/2011"}],"wp:featuredmedia":[{"embeddable":true,"href":"https:\/\/www.mobilfest.eu\/festival\/wp-json\/wp\/v2\/media\/2009"}],"wp:attachment":[{"href":"https:\/\/www.mobilfest.eu\/festival\/wp-json\/wp\/v2\/media?parent=2008"}],"wp:term":[{"taxonomy":"category","embeddable":true,"href":"https:\/\/www.mobilfest.eu\/festival\/wp-json\/wp\/v2\/categories?post=2008"},{"taxonomy":"post_tag","embeddable":true,"href":"https:\/\/www.mobilfest.eu\/festival\/wp-json\/wp\/v2\/tags?post=2008"}],"curies":[{"name":"wp","href":"https:\/\/api.w.org\/{rel}","templated":true}]}}