{"id":2013,"date":"2023-10-03T19:44:31","date_gmt":"2023-10-03T17:44:31","guid":{"rendered":"https:\/\/www.mobilfest.eu\/festival\/?p=2013"},"modified":"2023-10-05T11:06:56","modified_gmt":"2023-10-05T09:06:56","slug":"vieme-datum-a-miesto-konania-mobilfestu","status":"publish","type":"post","link":"https:\/\/www.mobilfest.eu\/festival\/vieme-datum-a-miesto-konania-mobilfestu\/","title":{"rendered":"Vieme d\u00e1tum a miesto konania!"},"content":{"rendered":"\n<figure class=\"wp-block-image size-large is-resized\"><img decoding=\"async\" src=\"https:\/\/www.mobilfest.eu\/festival\/wp-content\/uploads\/2023\/10\/it-show-2023-1024x463.png\" alt=\"\" class=\"wp-image-2023\" style=\"width:1201px;height:543px\" width=\"1201\" height=\"543\" srcset=\"https:\/\/www.mobilfest.eu\/festival\/wp-content\/uploads\/2023\/10\/it-show-2023-200x90.png 200w, https:\/\/www.mobilfest.eu\/festival\/wp-content\/uploads\/2023\/10\/it-show-2023-300x136.png 300w, https:\/\/www.mobilfest.eu\/festival\/wp-content\/uploads\/2023\/10\/it-show-2023-400x181.png 400w, https:\/\/www.mobilfest.eu\/festival\/wp-content\/uploads\/2023\/10\/it-show-2023-600x271.png 600w, https:\/\/www.mobilfest.eu\/festival\/wp-content\/uploads\/2023\/10\/it-show-2023-768x347.png 768w, https:\/\/www.mobilfest.eu\/festival\/wp-content\/uploads\/2023\/10\/it-show-2023-800x362.png 800w, https:\/\/www.mobilfest.eu\/festival\/wp-content\/uploads\/2023\/10\/it-show-2023-1024x463.png 1024w, https:\/\/www.mobilfest.eu\/festival\/wp-content\/uploads\/2023\/10\/it-show-2023.png 1150w\" sizes=\"(max-width: 1201px) 100vw, 1201px\" \/><\/figure>\n\n\n\n<p>Sl\u00e1vnostn\u00e9 vyhodnotenie sa uskuto\u010dn\u00ed&nbsp;<strong>10. novembra na V\u00fdstave IT technol\u00f3gi\u00ed v OC Optima, Ko\u0161ice.<\/strong> MobilFest sa sp\u00e1ja s jedine\u010dnou IT v\u00fdstavou na v\u00fdchodnom Slovensku, ktor\u00fa organizuje n\u00e1\u0161 <strong>gener\u00e1lny partner Datacomp.sk<\/strong>. Hern\u00fd o\u0161ia\u013e a 2 dni mega d\u00e1vky z\u00e1bavy m\u00e1te mo\u017enos\u0165 za\u017ei\u0165 u\u017e po \u0161iestykr\u00e1t v Ko\u0161iciach a vidie\u0165 na vlastn\u00e9 o\u010di najnov\u0161ie technol\u00f3gie, trendy zo sveta IT, expertov IT, streamerov a influencerov. <\/p>\n\n\n\n<p><em>Arch\u00edv z minul\u00fdch rokov: <\/em><\/p>\n\n\n\n<figure class=\"wp-block-gallery has-nested-images columns-default is-cropped wp-block-gallery-1 is-layout-flex wp-block-gallery-is-layout-flex\">\n<figure class=\"wp-block-image size-large\"><img decoding=\"async\" width=\"1024\" height=\"683\" data-id=\"2022\" src=\"https:\/\/www.mobilfest.eu\/festival\/wp-content\/uploads\/2023\/10\/313265940_548777047256385_3064206455203613756_n-1024x683.jpg\" alt=\"\" class=\"wp-image-2022\" srcset=\"https:\/\/www.mobilfest.eu\/festival\/wp-content\/uploads\/2023\/10\/313265940_548777047256385_3064206455203613756_n-200x133.jpg 200w, https:\/\/www.mobilfest.eu\/festival\/wp-content\/uploads\/2023\/10\/313265940_548777047256385_3064206455203613756_n-300x200.jpg 300w, https:\/\/www.mobilfest.eu\/festival\/wp-content\/uploads\/2023\/10\/313265940_548777047256385_3064206455203613756_n-400x267.jpg 400w, https:\/\/www.mobilfest.eu\/festival\/wp-content\/uploads\/2023\/10\/313265940_548777047256385_3064206455203613756_n-600x400.jpg 600w, https:\/\/www.mobilfest.eu\/festival\/wp-content\/uploads\/2023\/10\/313265940_548777047256385_3064206455203613756_n-768x512.jpg 768w, https:\/\/www.mobilfest.eu\/festival\/wp-content\/uploads\/2023\/10\/313265940_548777047256385_3064206455203613756_n-800x533.jpg 800w, https:\/\/www.mobilfest.eu\/festival\/wp-content\/uploads\/2023\/10\/313265940_548777047256385_3064206455203613756_n-1024x683.jpg 1024w, https:\/\/www.mobilfest.eu\/festival\/wp-content\/uploads\/2023\/10\/313265940_548777047256385_3064206455203613756_n-1200x800.jpg 1200w, https:\/\/www.mobilfest.eu\/festival\/wp-content\/uploads\/2023\/10\/313265940_548777047256385_3064206455203613756_n-1536x1024.jpg 1536w\" sizes=\"(max-width: 1024px) 100vw, 1024px\" \/><\/figure>\n\n\n\n<figure class=\"wp-block-image size-large\"><img decoding=\"async\" width=\"1024\" height=\"683\" data-id=\"2021\" src=\"https:\/\/www.mobilfest.eu\/festival\/wp-content\/uploads\/2023\/10\/312779228_548777143923042_8263261941734880050_n-1024x683.jpg\" alt=\"\" class=\"wp-image-2021\" srcset=\"https:\/\/www.mobilfest.eu\/festival\/wp-content\/uploads\/2023\/10\/312779228_548777143923042_8263261941734880050_n-200x133.jpg 200w, https:\/\/www.mobilfest.eu\/festival\/wp-content\/uploads\/2023\/10\/312779228_548777143923042_8263261941734880050_n-300x200.jpg 300w, https:\/\/www.mobilfest.eu\/festival\/wp-content\/uploads\/2023\/10\/312779228_548777143923042_8263261941734880050_n-400x267.jpg 400w, https:\/\/www.mobilfest.eu\/festival\/wp-content\/uploads\/2023\/10\/312779228_548777143923042_8263261941734880050_n-600x400.jpg 600w, https:\/\/www.mobilfest.eu\/festival\/wp-content\/uploads\/2023\/10\/312779228_548777143923042_8263261941734880050_n-768x512.jpg 768w, https:\/\/www.mobilfest.eu\/festival\/wp-content\/uploads\/2023\/10\/312779228_548777143923042_8263261941734880050_n-800x533.jpg 800w, https:\/\/www.mobilfest.eu\/festival\/wp-content\/uploads\/2023\/10\/312779228_548777143923042_8263261941734880050_n-1024x683.jpg 1024w, https:\/\/www.mobilfest.eu\/festival\/wp-content\/uploads\/2023\/10\/312779228_548777143923042_8263261941734880050_n-1200x800.jpg 1200w, https:\/\/www.mobilfest.eu\/festival\/wp-content\/uploads\/2023\/10\/312779228_548777143923042_8263261941734880050_n-1536x1024.jpg 1536w\" sizes=\"(max-width: 1024px) 100vw, 1024px\" \/><\/figure>\n\n\n\n<figure class=\"wp-block-image size-large\"><img decoding=\"async\" width=\"1024\" height=\"683\" data-id=\"2019\" src=\"https:\/\/www.mobilfest.eu\/festival\/wp-content\/uploads\/2023\/10\/313393954_548777280589695_6985652713489750642_n-1024x683.jpg\" alt=\"\" class=\"wp-image-2019\" srcset=\"https:\/\/www.mobilfest.eu\/festival\/wp-content\/uploads\/2023\/10\/313393954_548777280589695_6985652713489750642_n-200x133.jpg 200w, https:\/\/www.mobilfest.eu\/festival\/wp-content\/uploads\/2023\/10\/313393954_548777280589695_6985652713489750642_n-300x200.jpg 300w, https:\/\/www.mobilfest.eu\/festival\/wp-content\/uploads\/2023\/10\/313393954_548777280589695_6985652713489750642_n-400x267.jpg 400w, https:\/\/www.mobilfest.eu\/festival\/wp-content\/uploads\/2023\/10\/313393954_548777280589695_6985652713489750642_n-600x400.jpg 600w, https:\/\/www.mobilfest.eu\/festival\/wp-content\/uploads\/2023\/10\/313393954_548777280589695_6985652713489750642_n-768x512.jpg 768w, https:\/\/www.mobilfest.eu\/festival\/wp-content\/uploads\/2023\/10\/313393954_548777280589695_6985652713489750642_n-800x533.jpg 800w, https:\/\/www.mobilfest.eu\/festival\/wp-content\/uploads\/2023\/10\/313393954_548777280589695_6985652713489750642_n-1024x683.jpg 1024w, https:\/\/www.mobilfest.eu\/festival\/wp-content\/uploads\/2023\/10\/313393954_548777280589695_6985652713489750642_n-1200x800.jpg 1200w, https:\/\/www.mobilfest.eu\/festival\/wp-content\/uploads\/2023\/10\/313393954_548777280589695_6985652713489750642_n-1536x1024.jpg 1536w\" sizes=\"(max-width: 1024px) 100vw, 1024px\" \/><\/figure>\n\n\n\n<figure class=\"wp-block-image size-large\"><img decoding=\"async\" width=\"1024\" height=\"683\" data-id=\"2018\" src=\"https:\/\/www.mobilfest.eu\/festival\/wp-content\/uploads\/2023\/10\/312527926_548777337256356_1624283539094382942_n-1024x683.jpg\" alt=\"\" class=\"wp-image-2018\" srcset=\"https:\/\/www.mobilfest.eu\/festival\/wp-content\/uploads\/2023\/10\/312527926_548777337256356_1624283539094382942_n-200x133.jpg 200w, https:\/\/www.mobilfest.eu\/festival\/wp-content\/uploads\/2023\/10\/312527926_548777337256356_1624283539094382942_n-300x200.jpg 300w, https:\/\/www.mobilfest.eu\/festival\/wp-content\/uploads\/2023\/10\/312527926_548777337256356_1624283539094382942_n-400x267.jpg 400w, https:\/\/www.mobilfest.eu\/festival\/wp-content\/uploads\/2023\/10\/312527926_548777337256356_1624283539094382942_n-600x400.jpg 600w, https:\/\/www.mobilfest.eu\/festival\/wp-content\/uploads\/2023\/10\/312527926_548777337256356_1624283539094382942_n-768x512.jpg 768w, https:\/\/www.mobilfest.eu\/festival\/wp-content\/uploads\/2023\/10\/312527926_548777337256356_1624283539094382942_n-800x534.jpg 800w, https:\/\/www.mobilfest.eu\/festival\/wp-content\/uploads\/2023\/10\/312527926_548777337256356_1624283539094382942_n-1024x683.jpg 1024w, https:\/\/www.mobilfest.eu\/festival\/wp-content\/uploads\/2023\/10\/312527926_548777337256356_1624283539094382942_n-1200x800.jpg 1200w, https:\/\/www.mobilfest.eu\/festival\/wp-content\/uploads\/2023\/10\/312527926_548777337256356_1624283539094382942_n-1536x1025.jpg 1536w\" sizes=\"(max-width: 1024px) 100vw, 1024px\" \/><\/figure>\n\n\n\n<figure class=\"wp-block-image size-large\"><img decoding=\"async\" width=\"960\" height=\"640\" data-id=\"2017\" src=\"https:\/\/www.mobilfest.eu\/festival\/wp-content\/uploads\/2023\/10\/312933512_548776357256454_6738822970044853187_n.jpg\" alt=\"\" class=\"wp-image-2017\" srcset=\"https:\/\/www.mobilfest.eu\/festival\/wp-content\/uploads\/2023\/10\/312933512_548776357256454_6738822970044853187_n-200x133.jpg 200w, https:\/\/www.mobilfest.eu\/festival\/wp-content\/uploads\/2023\/10\/312933512_548776357256454_6738822970044853187_n-300x200.jpg 300w, https:\/\/www.mobilfest.eu\/festival\/wp-content\/uploads\/2023\/10\/312933512_548776357256454_6738822970044853187_n-400x267.jpg 400w, https:\/\/www.mobilfest.eu\/festival\/wp-content\/uploads\/2023\/10\/312933512_548776357256454_6738822970044853187_n-600x400.jpg 600w, https:\/\/www.mobilfest.eu\/festival\/wp-content\/uploads\/2023\/10\/312933512_548776357256454_6738822970044853187_n-768x512.jpg 768w, https:\/\/www.mobilfest.eu\/festival\/wp-content\/uploads\/2023\/10\/312933512_548776357256454_6738822970044853187_n-800x533.jpg 800w, https:\/\/www.mobilfest.eu\/festival\/wp-content\/uploads\/2023\/10\/312933512_548776357256454_6738822970044853187_n.jpg 960w\" sizes=\"(max-width: 960px) 100vw, 960px\" \/><\/figure>\n\n\n\n<figure class=\"wp-block-image size-large\"><img decoding=\"async\" width=\"1024\" height=\"683\" data-id=\"2016\" src=\"https:\/\/www.mobilfest.eu\/festival\/wp-content\/uploads\/2023\/10\/312598415_548776883923068_3160744957736511016_n-1024x683.jpg\" alt=\"\" class=\"wp-image-2016\" srcset=\"https:\/\/www.mobilfest.eu\/festival\/wp-content\/uploads\/2023\/10\/312598415_548776883923068_3160744957736511016_n-200x133.jpg 200w, https:\/\/www.mobilfest.eu\/festival\/wp-content\/uploads\/2023\/10\/312598415_548776883923068_3160744957736511016_n-300x200.jpg 300w, https:\/\/www.mobilfest.eu\/festival\/wp-content\/uploads\/2023\/10\/312598415_548776883923068_3160744957736511016_n-400x267.jpg 400w, https:\/\/www.mobilfest.eu\/festival\/wp-content\/uploads\/2023\/10\/312598415_548776883923068_3160744957736511016_n-600x400.jpg 600w, https:\/\/www.mobilfest.eu\/festival\/wp-content\/uploads\/2023\/10\/312598415_548776883923068_3160744957736511016_n-768x512.jpg 768w, https:\/\/www.mobilfest.eu\/festival\/wp-content\/uploads\/2023\/10\/312598415_548776883923068_3160744957736511016_n-800x533.jpg 800w, https:\/\/www.mobilfest.eu\/festival\/wp-content\/uploads\/2023\/10\/312598415_548776883923068_3160744957736511016_n-1024x683.jpg 1024w, https:\/\/www.mobilfest.eu\/festival\/wp-content\/uploads\/2023\/10\/312598415_548776883923068_3160744957736511016_n-1200x800.jpg 1200w, https:\/\/www.mobilfest.eu\/festival\/wp-content\/uploads\/2023\/10\/312598415_548776883923068_3160744957736511016_n-1536x1024.jpg 1536w\" sizes=\"(max-width: 1024px) 100vw, 1024px\" \/><\/figure>\n\n\n\n<figure class=\"wp-block-image size-large\"><img decoding=\"async\" width=\"1024\" height=\"683\" data-id=\"2015\" src=\"https:\/\/www.mobilfest.eu\/festival\/wp-content\/uploads\/2023\/10\/313017820_548776967256393_543827427746987688_n-1024x683.jpg\" alt=\"\" class=\"wp-image-2015\" srcset=\"https:\/\/www.mobilfest.eu\/festival\/wp-content\/uploads\/2023\/10\/313017820_548776967256393_543827427746987688_n-200x133.jpg 200w, https:\/\/www.mobilfest.eu\/festival\/wp-content\/uploads\/2023\/10\/313017820_548776967256393_543827427746987688_n-300x200.jpg 300w, https:\/\/www.mobilfest.eu\/festival\/wp-content\/uploads\/2023\/10\/313017820_548776967256393_543827427746987688_n-400x267.jpg 400w, https:\/\/www.mobilfest.eu\/festival\/wp-content\/uploads\/2023\/10\/313017820_548776967256393_543827427746987688_n-600x400.jpg 600w, https:\/\/www.mobilfest.eu\/festival\/wp-content\/uploads\/2023\/10\/313017820_548776967256393_543827427746987688_n-768x512.jpg 768w, https:\/\/www.mobilfest.eu\/festival\/wp-content\/uploads\/2023\/10\/313017820_548776967256393_543827427746987688_n-800x534.jpg 800w, https:\/\/www.mobilfest.eu\/festival\/wp-content\/uploads\/2023\/10\/313017820_548776967256393_543827427746987688_n-1024x683.jpg 1024w, https:\/\/www.mobilfest.eu\/festival\/wp-content\/uploads\/2023\/10\/313017820_548776967256393_543827427746987688_n-1200x800.jpg 1200w, https:\/\/www.mobilfest.eu\/festival\/wp-content\/uploads\/2023\/10\/313017820_548776967256393_543827427746987688_n-1536x1025.jpg 1536w\" sizes=\"(max-width: 1024px) 100vw, 1024px\" \/><\/figure>\n\n\n\n<figure class=\"wp-block-image size-large\"><img decoding=\"async\" width=\"1024\" height=\"683\" data-id=\"2020\" src=\"https:\/\/www.mobilfest.eu\/festival\/wp-content\/uploads\/2023\/10\/313017830_548777213923035_2447050579264055922_n-1024x683.jpg\" alt=\"\" class=\"wp-image-2020\" srcset=\"https:\/\/www.mobilfest.eu\/festival\/wp-content\/uploads\/2023\/10\/313017830_548777213923035_2447050579264055922_n-200x133.jpg 200w, https:\/\/www.mobilfest.eu\/festival\/wp-content\/uploads\/2023\/10\/313017830_548777213923035_2447050579264055922_n-300x200.jpg 300w, https:\/\/www.mobilfest.eu\/festival\/wp-content\/uploads\/2023\/10\/313017830_548777213923035_2447050579264055922_n-400x267.jpg 400w, https:\/\/www.mobilfest.eu\/festival\/wp-content\/uploads\/2023\/10\/313017830_548777213923035_2447050579264055922_n-600x400.jpg 600w, https:\/\/www.mobilfest.eu\/festival\/wp-content\/uploads\/2023\/10\/313017830_548777213923035_2447050579264055922_n-768x512.jpg 768w, https:\/\/www.mobilfest.eu\/festival\/wp-content\/uploads\/2023\/10\/313017830_548777213923035_2447050579264055922_n-800x533.jpg 800w, https:\/\/www.mobilfest.eu\/festival\/wp-content\/uploads\/2023\/10\/313017830_548777213923035_2447050579264055922_n-1024x683.jpg 1024w, https:\/\/www.mobilfest.eu\/festival\/wp-content\/uploads\/2023\/10\/313017830_548777213923035_2447050579264055922_n-1200x800.jpg 1200w, https:\/\/www.mobilfest.eu\/festival\/wp-content\/uploads\/2023\/10\/313017830_548777213923035_2447050579264055922_n-1536x1024.jpg 1536w\" sizes=\"(max-width: 1024px) 100vw, 1024px\" \/><\/figure>\n<\/figure>\n\n\n\n<p>St\u00e1le sa d\u00e1 prihl\u00e1si\u0165 do s\u00fa\u0165a\u017ee MobilFest s fotografiou, \u010di videom do 30. okt\u00f3bra 2023&nbsp;na str\u00e1nke www.mobilfest.eu pod tla\u010didlom <a href=\"https:\/\/www.mobilfest.eu\/festival\/registracia-filmu\/\" target=\"_blank\" rel=\"noopener nofollow\" title=\"PRIHL\u00c1SI\u0164 SA\"><strong>PRIHL\u00c1SI\u0164 SA<\/strong><\/a>. <\/p>\n","protected":false},"excerpt":{"rendered":"<p>Sl\u00e1vnostn\u00e9 vyhodnotenie sa uskuto\u010dn\u00ed&nbsp;10. novembra na V\u00fdstave IT technol\u00f3gi\u00ed v [&hellip;]<\/p>\n","protected":false},"author":2,"featured_media":2014,"comment_status":"closed","ping_status":"closed","sticky":false,"template":"","format":"standard","meta":{"footnotes":""},"categories":[31],"tags":[],"class_list":["post-2013","post","type-post","status-publish","format-standard","has-post-thumbnail","hentry","category-mobilfest"],"aioseo_notices":[],"jetpack_featured_media_url":"https:\/\/www.mobilfest.eu\/festival\/wp-content\/uploads\/2023\/10\/75289062_2720943834619954_3673791750847070208_n.jpg","_links":{"self":[{"href":"https:\/\/www.mobilfest.eu\/festival\/wp-json\/wp\/v2\/posts\/2013","targetHints":{"allow":["GET"]}}],"collection":[{"href":"https:\/\/www.mobilfest.eu\/festival\/wp-json\/wp\/v2\/posts"}],"about":[{"href":"https:\/\/www.mobilfest.eu\/festival\/wp-json\/wp\/v2\/types\/post"}],"author":[{"embeddable":true,"href":"https:\/\/www.mobilfest.eu\/festival\/wp-json\/wp\/v2\/users\/2"}],"replies":[{"embeddable":true,"href":"https:\/\/www.mobilfest.eu\/festival\/wp-json\/wp\/v2\/comments?post=2013"}],"version-history":[{"count":2,"href":"https:\/\/www.mobilfest.eu\/festival\/wp-json\/wp\/v2\/posts\/2013\/revisions"}],"predecessor-version":[{"id":2030,"href":"https:\/\/www.mobilfest.eu\/festival\/wp-json\/wp\/v2\/posts\/2013\/revisions\/2030"}],"wp:featuredmedia":[{"embeddable":true,"href":"https:\/\/www.mobilfest.eu\/festival\/wp-json\/wp\/v2\/media\/2014"}],"wp:attachment":[{"href":"https:\/\/www.mobilfest.eu\/festival\/wp-json\/wp\/v2\/media?parent=2013"}],"wp:term":[{"taxonomy":"category","embeddable":true,"href":"https:\/\/www.mobilfest.eu\/festival\/wp-json\/wp\/v2\/categories?post=2013"},{"taxonomy":"post_tag","embeddable":true,"href":"https:\/\/www.mobilfest.eu\/festival\/wp-json\/wp\/v2\/tags?post=2013"}],"curies":[{"name":"wp","href":"https:\/\/api.w.org\/{rel}","templated":true}]}}