{"id":2037,"date":"2023-10-17T11:38:14","date_gmt":"2023-10-17T09:38:14","guid":{"rendered":"https:\/\/www.mobilfest.eu\/festival\/?p=2037"},"modified":"2023-10-17T11:38:27","modified_gmt":"2023-10-17T09:38:27","slug":"porota-odpoveda-na-otazky","status":"publish","type":"post","link":"https:\/\/www.mobilfest.eu\/festival\/porota-odpoveda-na-otazky\/","title":{"rendered":"Porota odpoved\u00e1 na ot\u00e1zky"},"content":{"rendered":"\n<p>Umeleck\u00e1 porota MobilFestu zodpovedala ot\u00e1zky d\u00f4le\u017eit\u00e9 pre hodnotenie s\u00fa\u0165a\u017en\u00fdch vide\u00ed a fotografi\u00ed. Dozviete sa, ak\u00fd m\u00e1 v\u00fdznam mobiln\u00e1 kinematografia, ak\u00e9 m\u00e1 aspekty, krit\u00e9ri\u00e1 a odpor\u00fa\u010dania pri tvorbe scen\u00e1ra filmu, d\u00f4le\u017eitos\u0165 kreativity a originality, ak\u00e9 zauj\u00edmav\u00e9 ceny \u010dakaj\u00fa na v\u00ed\u0165azov a kde sa bude kona\u0165 ich odovzd\u00e1vanie. <\/p>\n\n\n\n<p>Vide\u00e1 spracovali \u0161tudenti Filmovej \u0161koly &#8211; Dadu\u013e\u00e1kov\u00e1 Simona, Dutkovi\u010dov\u00e1 Timea, Kukajov\u00e1 Ester, Moln\u00e1r Alex, Vol\u0161\u00edkov\u00e1 Hana Pedagogick\u00e9 vedenie &#8211; Mgr. art. Adam Alezar<\/p>\n\n\n\n<figure class=\"wp-block-embed is-type-video is-provider-youtube wp-block-embed-youtube wp-embed-aspect-16-9 wp-has-aspect-ratio\"><div class=\"wp-block-embed__wrapper\">\n<div class=\"video-shortcode\"><iframe title=\"Mobilfest 2023 - Ot\u00e1zka pre Porotcu: Jaro Kerner\" width=\"1200\" height=\"675\" src=\"https:\/\/www.youtube.com\/embed\/pvMJzZXCnV4?feature=oembed\" frameborder=\"0\" allow=\"accelerometer; autoplay; clipboard-write; encrypted-media; gyroscope; picture-in-picture; web-share\" allowfullscreen><\/iframe><\/div>\n<\/div><figcaption class=\"wp-element-caption\">Jaro Kerner &#8211; porotca filmov<\/figcaption><\/figure>\n\n\n\n<figure class=\"wp-block-embed is-type-video is-provider-youtube wp-block-embed-youtube wp-embed-aspect-16-9 wp-has-aspect-ratio\"><div class=\"wp-block-embed__wrapper\">\n<div class=\"video-shortcode\"><iframe title=\"Mobilfest 2023 - Ot\u00e1zka pre Porotcu: Peter Kov\u00e1\u010dik\" width=\"1200\" height=\"675\" src=\"https:\/\/www.youtube.com\/embed\/0sREFHDb_Xs?feature=oembed\" frameborder=\"0\" allow=\"accelerometer; autoplay; clipboard-write; encrypted-media; gyroscope; picture-in-picture; web-share\" allowfullscreen><\/iframe><\/div>\n<\/div><figcaption class=\"wp-element-caption\">Peter Kov\u00e1\u010dik &#8211; porotca filmov<\/figcaption><\/figure>\n\n\n\n<figure class=\"wp-block-embed is-type-video is-provider-youtube wp-block-embed-youtube wp-embed-aspect-16-9 wp-has-aspect-ratio\"><div class=\"wp-block-embed__wrapper\">\n<div class=\"video-shortcode\"><iframe title=\"Mobilfest 2023 - Ot\u00e1zka pre Porotcu: Peter Bercik\" width=\"1200\" height=\"675\" src=\"https:\/\/www.youtube.com\/embed\/LuarTsr3Ef0?feature=oembed\" frameborder=\"0\" allow=\"accelerometer; autoplay; clipboard-write; encrypted-media; gyroscope; picture-in-picture; web-share\" allowfullscreen><\/iframe><\/div>\n<\/div><figcaption class=\"wp-element-caption\">Peter Bercik &#8211; porotca filmov<\/figcaption><\/figure>\n\n\n\n<figure class=\"wp-block-embed is-type-video is-provider-youtube wp-block-embed-youtube wp-embed-aspect-16-9 wp-has-aspect-ratio\"><div class=\"wp-block-embed__wrapper\">\n<div class=\"video-shortcode\"><iframe title=\"Mobilfest 2023 - Ot\u00e1zka pre Porotcu: Valter Uhr\u00edk\" width=\"1200\" height=\"675\" src=\"https:\/\/www.youtube.com\/embed\/NQiocxHc8XM?feature=oembed\" frameborder=\"0\" allow=\"accelerometer; autoplay; clipboard-write; encrypted-media; gyroscope; picture-in-picture; web-share\" allowfullscreen><\/iframe><\/div>\n<\/div><figcaption class=\"wp-element-caption\">Valter Uhr\u00edk &#8211; porotca filmov<\/figcaption><\/figure>\n\n\n\n<figure class=\"wp-block-embed is-type-video is-provider-youtube wp-block-embed-youtube wp-embed-aspect-16-9 wp-has-aspect-ratio\"><div class=\"wp-block-embed__wrapper\">\n<div class=\"video-shortcode\"><iframe title=\"Mobilfest 2023 - Ot\u00e1zka pre Porotcu: Peter Hrabinsk\u00fd\" width=\"1200\" height=\"675\" src=\"https:\/\/www.youtube.com\/embed\/Juh2Gqo1w_A?feature=oembed\" frameborder=\"0\" allow=\"accelerometer; autoplay; clipboard-write; encrypted-media; gyroscope; picture-in-picture; web-share\" allowfullscreen><\/iframe><\/div>\n<\/div><figcaption class=\"wp-element-caption\">Peter Hrabinsk\u00fd &#8211; porotca filmov<\/figcaption><\/figure>\n\n\n\n<figure class=\"wp-block-embed is-type-video is-provider-youtube wp-block-embed-youtube wp-embed-aspect-16-9 wp-has-aspect-ratio\"><div class=\"wp-block-embed__wrapper\">\n<div class=\"video-shortcode\"><iframe title=\"Mobilfest 2023 - Ot\u00e1zka pre Porotcu:  Diana Kakara Dobrescu\" width=\"1200\" height=\"675\" src=\"https:\/\/www.youtube.com\/embed\/wgNPZexJv9s?feature=oembed\" frameborder=\"0\" allow=\"accelerometer; autoplay; clipboard-write; encrypted-media; gyroscope; picture-in-picture; web-share\" allowfullscreen><\/iframe><\/div>\n<\/div><figcaption class=\"wp-element-caption\">Diana Kakara Dobrescu &#8211; porotky\u0148a fotografie <\/figcaption><\/figure>\n","protected":false},"excerpt":{"rendered":"<p>Umeleck\u00e1 porota MobilFestu zodpovedala ot\u00e1zky d\u00f4le\u017eit\u00e9 pre hodnotenie s\u00fa\u0165a\u017en\u00fdch vide\u00ed [&hellip;]<\/p>\n","protected":false},"author":2,"featured_media":1509,"comment_status":"closed","ping_status":"closed","sticky":false,"template":"","format":"standard","meta":{"footnotes":""},"categories":[31],"tags":[],"class_list":["post-2037","post","type-post","status-publish","format-standard","has-post-thumbnail","hentry","category-mobilfest"],"aioseo_notices":[],"jetpack_featured_media_url":"https:\/\/www.mobilfest.eu\/festival\/wp-content\/uploads\/2023\/07\/mobilfest2022_9.jpg","_links":{"self":[{"href":"https:\/\/www.mobilfest.eu\/festival\/wp-json\/wp\/v2\/posts\/2037","targetHints":{"allow":["GET"]}}],"collection":[{"href":"https:\/\/www.mobilfest.eu\/festival\/wp-json\/wp\/v2\/posts"}],"about":[{"href":"https:\/\/www.mobilfest.eu\/festival\/wp-json\/wp\/v2\/types\/post"}],"author":[{"embeddable":true,"href":"https:\/\/www.mobilfest.eu\/festival\/wp-json\/wp\/v2\/users\/2"}],"replies":[{"embeddable":true,"href":"https:\/\/www.mobilfest.eu\/festival\/wp-json\/wp\/v2\/comments?post=2037"}],"version-history":[{"count":2,"href":"https:\/\/www.mobilfest.eu\/festival\/wp-json\/wp\/v2\/posts\/2037\/revisions"}],"predecessor-version":[{"id":2039,"href":"https:\/\/www.mobilfest.eu\/festival\/wp-json\/wp\/v2\/posts\/2037\/revisions\/2039"}],"wp:featuredmedia":[{"embeddable":true,"href":"https:\/\/www.mobilfest.eu\/festival\/wp-json\/wp\/v2\/media\/1509"}],"wp:attachment":[{"href":"https:\/\/www.mobilfest.eu\/festival\/wp-json\/wp\/v2\/media?parent=2037"}],"wp:term":[{"taxonomy":"category","embeddable":true,"href":"https:\/\/www.mobilfest.eu\/festival\/wp-json\/wp\/v2\/categories?post=2037"},{"taxonomy":"post_tag","embeddable":true,"href":"https:\/\/www.mobilfest.eu\/festival\/wp-json\/wp\/v2\/tags?post=2037"}],"curies":[{"name":"wp","href":"https:\/\/api.w.org\/{rel}","templated":true}]}}