{"id":2041,"date":"2023-10-23T10:08:24","date_gmt":"2023-10-23T08:08:24","guid":{"rendered":"https:\/\/www.mobilfest.eu\/festival\/?p=2041"},"modified":"2023-10-23T15:19:44","modified_gmt":"2023-10-23T13:19:44","slug":"rozpravali-o-nas-v-radiu-regina","status":"publish","type":"post","link":"https:\/\/www.mobilfest.eu\/festival\/rozpravali-o-nas-v-radiu-regina\/","title":{"rendered":"Rozpr\u00e1vali o n\u00e1s v R\u00e1diu Regina"},"content":{"rendered":"\n<p>Historick\u00e9, kult\u00farne, technick\u00e9 pam\u00e4tihodnosti, pr\u00edrodn\u00e9 kr\u00e1sy a skvosty regi\u00f3nu v r\u00f4znych s\u00favislostiach a z r\u00f4znych uhlov poh\u013eadu. 55 min\u00fatov\u00e1 publicistick\u00e1 rel\u00e1cia &#8211; Veni, vidi  <img decoding=\"async\" height=\"16\" width=\"16\" src=\"https:\/\/static.xx.fbcdn.net\/images\/emoji.php\/v9\/t2d\/1\/16\/1f3ac.png\" alt=\"\ud83c\udfac\"><\/p>\n\n\n\n<p>Pre\u017eij\u00fa kinos\u00e1ly \u00e9ru streamovac\u00edch slu\u017eieb? M\u00e1 dnes e\u0161te nejak\u00fd v\u00fdznam filmov\u00fd klub?<\/p>\n\n\n\n<p>Odpovede h\u013eadali aj u n\u00e1s s M\u00e1riou Oravcovou cez medzin\u00e1rodn\u00fd festival videofilmov z mobilu \u2013 MobilFest 2023, na ktor\u00fd sa pr\u00e1ve v Ko\u0161iciach prihlasuj\u00fa za\u010d\u00ednaj\u00faci umelci. Vypo\u010dujte si report\u00e1\u017e o na\u0161om festivale cez publiistick\u00fa rel\u00e1ciu Veni, vidi: <strong><a href=\"https:\/\/www.rtvs.sk\/radio\/archiv\/1673\/2161152\" target=\"_blank\" rel=\"noopener\" title=\"link\">link<\/a><\/strong><\/p>\n\n\n\n<p>zdroj: <a href=\"https:\/\/www.rtvs.sk\/radio\/archiv\/1673\/2161152\" target=\"_blank\" rel=\"noopener\" title=\"\">https:\/\/www.rtvs.sk\/radio\/archiv\/1673\/2161152<\/a><\/p>\n","protected":false},"excerpt":{"rendered":"<p>Historick\u00e9, kult\u00farne, technick\u00e9 pam\u00e4tihodnosti, pr\u00edrodn\u00e9 kr\u00e1sy a skvosty regi\u00f3nu v [&hellip;]<\/p>\n","protected":false},"author":2,"featured_media":2044,"comment_status":"closed","ping_status":"closed","sticky":false,"template":"","format":"standard","meta":{"footnotes":""},"categories":[31],"tags":[],"class_list":["post-2041","post","type-post","status-publish","format-standard","has-post-thumbnail","hentry","category-mobilfest"],"aioseo_notices":[],"jetpack_featured_media_url":"https:\/\/www.mobilfest.eu\/festival\/wp-content\/uploads\/2023\/10\/393852041_2326006457791336_9051315035911385362_n.jpg","_links":{"self":[{"href":"https:\/\/www.mobilfest.eu\/festival\/wp-json\/wp\/v2\/posts\/2041","targetHints":{"allow":["GET"]}}],"collection":[{"href":"https:\/\/www.mobilfest.eu\/festival\/wp-json\/wp\/v2\/posts"}],"about":[{"href":"https:\/\/www.mobilfest.eu\/festival\/wp-json\/wp\/v2\/types\/post"}],"author":[{"embeddable":true,"href":"https:\/\/www.mobilfest.eu\/festival\/wp-json\/wp\/v2\/users\/2"}],"replies":[{"embeddable":true,"href":"https:\/\/www.mobilfest.eu\/festival\/wp-json\/wp\/v2\/comments?post=2041"}],"version-history":[{"count":3,"href":"https:\/\/www.mobilfest.eu\/festival\/wp-json\/wp\/v2\/posts\/2041\/revisions"}],"predecessor-version":[{"id":2049,"href":"https:\/\/www.mobilfest.eu\/festival\/wp-json\/wp\/v2\/posts\/2041\/revisions\/2049"}],"wp:featuredmedia":[{"embeddable":true,"href":"https:\/\/www.mobilfest.eu\/festival\/wp-json\/wp\/v2\/media\/2044"}],"wp:attachment":[{"href":"https:\/\/www.mobilfest.eu\/festival\/wp-json\/wp\/v2\/media?parent=2041"}],"wp:term":[{"taxonomy":"category","embeddable":true,"href":"https:\/\/www.mobilfest.eu\/festival\/wp-json\/wp\/v2\/categories?post=2041"},{"taxonomy":"post_tag","embeddable":true,"href":"https:\/\/www.mobilfest.eu\/festival\/wp-json\/wp\/v2\/tags?post=2041"}],"curies":[{"name":"wp","href":"https:\/\/api.w.org\/{rel}","templated":true}]}}