{"id":2046,"date":"2023-10-23T14:51:00","date_gmt":"2023-10-23T12:51:00","guid":{"rendered":"https:\/\/www.mobilfest.eu\/festival\/?p=2046"},"modified":"2023-10-23T14:55:44","modified_gmt":"2023-10-23T12:55:44","slug":"mobilfest-v-telke","status":"publish","type":"post","link":"https:\/\/www.mobilfest.eu\/festival\/mobilfest-v-telke\/","title":{"rendered":"MobilFest v telKE"},"content":{"rendered":"\n<p>8. ro\u010dn\u00edk Medzin\u00e1rodn\u00e9ho festivalu videofilmov nato\u010den\u00fdch v\u00fdhradne na mobiln\u00fd telef\u00f3n sa nezadr\u017eate\u013ene bl\u00ed\u017ei. V rozhovore sme sa rozpr\u00e1vali s jedn\u00fdm z porotcov, Petrom Bercikom, o tom, ako tento festival funguje, \u010do musia \u00fa\u010dastn\u00edci splni\u0165 a prezradil n\u00e1m aj to, \u017ee nevyhr\u00e1 len ten, kto sa nezapoj\u00ed. Svoje diela m\u00f4\u017eete e\u0161te st\u00e1le prihl\u00e1si\u0165 do s\u00fa\u0165a\u017ee do 31. okt\u00f3bra na str\u00e1nke mobilfest.eu.<\/p>\n\n\n\n<figure class=\"wp-block-embed is-type-video is-provider-youtube wp-block-embed-youtube wp-embed-aspect-16-9 wp-has-aspect-ratio\"><div class=\"wp-block-embed__wrapper\">\n<div class=\"video-shortcode\"><iframe title=\"ROZHOVOR: MobilFest je tu pre ka\u017ed\u00e9ho s umeleck\u00fdm c\u00edten\u00edm a mobiln\u00fdm telef\u00f3nom\" width=\"1200\" height=\"675\" src=\"https:\/\/www.youtube.com\/embed\/HVMjsV2uWgE?feature=oembed\" frameborder=\"0\" allow=\"accelerometer; autoplay; clipboard-write; encrypted-media; gyroscope; picture-in-picture; web-share\" allowfullscreen><\/iframe><\/div>\n<\/div><\/figure>\n\n\n\n<p><br>zdroj: telKE<\/p>\n","protected":false},"excerpt":{"rendered":"<p>8. ro\u010dn\u00edk Medzin\u00e1rodn\u00e9ho festivalu videofilmov nato\u010den\u00fdch v\u00fdhradne na mobiln\u00fd telef\u00f3n [&hellip;]<\/p>\n","protected":false},"author":2,"featured_media":2047,"comment_status":"closed","ping_status":"closed","sticky":false,"template":"","format":"standard","meta":{"footnotes":""},"categories":[31],"tags":[],"class_list":["post-2046","post","type-post","status-publish","format-standard","has-post-thumbnail","hentry","category-mobilfest"],"aioseo_notices":[],"jetpack_featured_media_url":"https:\/\/www.mobilfest.eu\/festival\/wp-content\/uploads\/2023\/10\/bercik-v-telke.png","_links":{"self":[{"href":"https:\/\/www.mobilfest.eu\/festival\/wp-json\/wp\/v2\/posts\/2046","targetHints":{"allow":["GET"]}}],"collection":[{"href":"https:\/\/www.mobilfest.eu\/festival\/wp-json\/wp\/v2\/posts"}],"about":[{"href":"https:\/\/www.mobilfest.eu\/festival\/wp-json\/wp\/v2\/types\/post"}],"author":[{"embeddable":true,"href":"https:\/\/www.mobilfest.eu\/festival\/wp-json\/wp\/v2\/users\/2"}],"replies":[{"embeddable":true,"href":"https:\/\/www.mobilfest.eu\/festival\/wp-json\/wp\/v2\/comments?post=2046"}],"version-history":[{"count":1,"href":"https:\/\/www.mobilfest.eu\/festival\/wp-json\/wp\/v2\/posts\/2046\/revisions"}],"predecessor-version":[{"id":2048,"href":"https:\/\/www.mobilfest.eu\/festival\/wp-json\/wp\/v2\/posts\/2046\/revisions\/2048"}],"wp:featuredmedia":[{"embeddable":true,"href":"https:\/\/www.mobilfest.eu\/festival\/wp-json\/wp\/v2\/media\/2047"}],"wp:attachment":[{"href":"https:\/\/www.mobilfest.eu\/festival\/wp-json\/wp\/v2\/media?parent=2046"}],"wp:term":[{"taxonomy":"category","embeddable":true,"href":"https:\/\/www.mobilfest.eu\/festival\/wp-json\/wp\/v2\/categories?post=2046"},{"taxonomy":"post_tag","embeddable":true,"href":"https:\/\/www.mobilfest.eu\/festival\/wp-json\/wp\/v2\/tags?post=2046"}],"curies":[{"name":"wp","href":"https:\/\/api.w.org\/{rel}","templated":true}]}}