{"id":2381,"date":"2024-09-12T12:50:04","date_gmt":"2024-09-12T10:50:04","guid":{"rendered":"https:\/\/www.mobilfest.eu\/festival\/?p=2381"},"modified":"2024-09-20T20:10:21","modified_gmt":"2024-09-20T18:10:21","slug":"specialne-kategorie-generalnych-sponzorov","status":"publish","type":"post","link":"https:\/\/www.mobilfest.eu\/festival\/specialne-kategorie-generalnych-sponzorov\/","title":{"rendered":"\u0160peci\u00e1lne kateg\u00f3rie gener\u00e1lnych sponzorov"},"content":{"rendered":"\n<p><strong>Predstavujeme v\u00e1m \u0161peci\u00e1lne kateg\u00f3rie gener\u00e1lnych sponzorov<\/strong><\/p>\n\n\n\n<p><strong>\u0160PECI\u00c1LNA VIDEO KATEG\u00d3RIA DATACOMP.SK<\/strong><\/p>\n\n\n\n<figure class=\"wp-block-image size-large is-resized\"><img decoding=\"async\" width=\"1024\" height=\"410\" src=\"https:\/\/www.mobilfest.eu\/festival\/wp-content\/uploads\/2024\/09\/Farebne-logo_sme-experti-1024x410.png\" alt=\"\" class=\"wp-image-2402\" style=\"width:324px;height:auto\" srcset=\"https:\/\/www.mobilfest.eu\/festival\/wp-content\/uploads\/2024\/09\/Farebne-logo_sme-experti-200x80.png 200w, https:\/\/www.mobilfest.eu\/festival\/wp-content\/uploads\/2024\/09\/Farebne-logo_sme-experti-300x120.png 300w, https:\/\/www.mobilfest.eu\/festival\/wp-content\/uploads\/2024\/09\/Farebne-logo_sme-experti-400x160.png 400w, https:\/\/www.mobilfest.eu\/festival\/wp-content\/uploads\/2024\/09\/Farebne-logo_sme-experti-600x240.png 600w, https:\/\/www.mobilfest.eu\/festival\/wp-content\/uploads\/2024\/09\/Farebne-logo_sme-experti-768x307.png 768w, https:\/\/www.mobilfest.eu\/festival\/wp-content\/uploads\/2024\/09\/Farebne-logo_sme-experti-800x320.png 800w, https:\/\/www.mobilfest.eu\/festival\/wp-content\/uploads\/2024\/09\/Farebne-logo_sme-experti-1024x410.png 1024w, https:\/\/www.mobilfest.eu\/festival\/wp-content\/uploads\/2024\/09\/Farebne-logo_sme-experti-1200x480.png 1200w, https:\/\/www.mobilfest.eu\/festival\/wp-content\/uploads\/2024\/09\/Farebne-logo_sme-experti.png 1500w\" sizes=\"(max-width: 1024px) 100vw, 1024px\" \/><\/figure>\n\n\n\n<p>Zahraj si o \u0161peci\u00e1lne ceny sponzorov! Datacomp si pre v\u00e1s pripravilo netradi\u010dn\u00fa, zauj\u00edmav\u00fa s\u00fa\u0165a\u017e na video!\u00a0<br>Vytvor kreat\u00edvne Reels (kr\u00e1tke video maxim\u00e1lne do 1 min\u00faty), na jednej z predajn\u00ed <a href=\"http:\/\/www.datacomp.sk\" target=\"_blank\" rel=\"noopener\" title=\"\">datacomp.sk<\/a>.\u00a0Nato\u010d video na jednom zo showroomov\/predajn\u00ed <a href=\"http:\/\/www.datacomp.sk\" target=\"_blank\" rel=\"noopener\" title=\"\">Datacomp.sk<\/a>, ktor\u00e9 sa nach\u00e1dzaj\u00fa v BA, PO, KE a spracuj video tak, aby si zaujal potenci\u00e1lnych nov\u00fdch z\u00e1kazn\u00edkov.\u00a0Video prihl\u00e1s\u00a0na str\u00e1nku MobilFest <strong><a href=\"https:\/\/www.mobilfest.eu\/festival\/registracia-filmu-2024\/\" target=\"_blank\" rel=\"noopener\" title=\"\">t<\/a><a href=\"https:\/\/www.mobilfest.eu\/festival\/registracia-filmu-2024\/\" target=\"_blank\" rel=\"noopener\" title=\"https:\/\/www.mobilfest.eu\/festival\/registracia-filmu-2024\/\">u<\/a><\/strong> a zverejni na svojom Instagramovom, alebo Facebookovom profile a hlavne nezabudni ozna\u010di\u0165 he\u0161tegom <a href=\"http:\/\/www.datacomp.sk\" target=\"_blank\" rel=\"noopener\" title=\"\">Datacomp.sk<\/a> a MobilFest.\u00a0<strong>#mobilfest #<a href=\"http:\/\/www.datacomp.sk\" target=\"_blank\" rel=\"noopener\" title=\"\">datacomp.sk<\/a>\u00a0#itshow<\/strong>\u00a0Odborn\u00e1 porota vyberie najkreat\u00edvnej\u0161\u00ed pr\u00edspevok.\u00a0S\u00fa\u0165a\u017ei\u0165 bude\u0161 o nov\u00fd Samsung Galaxy A14.\u00a0<\/p>\n\n\n\n<p><strong>\u0160PECI\u00c1LNA FOTO KATEG\u00d3RIA SAMSUNG<\/strong><\/p>\n\n\n\n<figure class=\"wp-block-image size-large is-resized\"><img decoding=\"async\" width=\"1024\" height=\"272\" src=\"https:\/\/www.mobilfest.eu\/festival\/wp-content\/uploads\/2024\/09\/Samsung_Orig_Wordmark_BLUE_RGB-1024x272.png\" alt=\"\" class=\"wp-image-2393\" style=\"width:338px;height:auto\" srcset=\"https:\/\/www.mobilfest.eu\/festival\/wp-content\/uploads\/2024\/09\/Samsung_Orig_Wordmark_BLUE_RGB-200x53.png 200w, https:\/\/www.mobilfest.eu\/festival\/wp-content\/uploads\/2024\/09\/Samsung_Orig_Wordmark_BLUE_RGB-300x80.png 300w, https:\/\/www.mobilfest.eu\/festival\/wp-content\/uploads\/2024\/09\/Samsung_Orig_Wordmark_BLUE_RGB-400x106.png 400w, https:\/\/www.mobilfest.eu\/festival\/wp-content\/uploads\/2024\/09\/Samsung_Orig_Wordmark_BLUE_RGB-600x159.png 600w, https:\/\/www.mobilfest.eu\/festival\/wp-content\/uploads\/2024\/09\/Samsung_Orig_Wordmark_BLUE_RGB-768x204.png 768w, https:\/\/www.mobilfest.eu\/festival\/wp-content\/uploads\/2024\/09\/Samsung_Orig_Wordmark_BLUE_RGB-800x213.png 800w, https:\/\/www.mobilfest.eu\/festival\/wp-content\/uploads\/2024\/09\/Samsung_Orig_Wordmark_BLUE_RGB-1024x272.png 1024w, https:\/\/www.mobilfest.eu\/festival\/wp-content\/uploads\/2024\/09\/Samsung_Orig_Wordmark_BLUE_RGB-1200x319.png 1200w, https:\/\/www.mobilfest.eu\/festival\/wp-content\/uploads\/2024\/09\/Samsung_Orig_Wordmark_BLUE_RGB-1536x408.png 1536w, https:\/\/www.mobilfest.eu\/festival\/wp-content\/uploads\/2024\/09\/Samsung_Orig_Wordmark_BLUE_RGB.png 1600w\" sizes=\"(max-width: 1024px) 100vw, 1024px\" \/><\/figure>\n\n\n\n<p>Samsung pre v\u00e1s chyst\u00e1 svoj najnov\u0161\u00ed model telef\u00f3nu v hodnote 1200\u20ac.&nbsp;Podmienkou s\u00fa\u0165a\u017ee je foti\u0165 fotky na Samsung zariadenie s funkciou &#8220;Galaxy AI&#8221;. V r\u00e1mci fotenia bud\u00fa musie\u0165 s\u00fa\u0165a\u017eiaci upravi\u0165 fotku pomocou Galaxy AI. T\u00e9ma je vo\u013en\u00e1, tak\u017ee kreativite sa medze neklad\u00fa. Fotografiu nafoten\u00fa na mobiln\u00fd telef\u00f3n Samsung a upraven\u00fa cez Galaxy AI prihl\u00e1s do prihlasovacieho formul\u00e1ra <strong><a href=\"https:\/\/www.mobilfest.eu\/festival\/registracia-fotografie-2024\/\" target=\"_blank\" rel=\"noopener\" title=\"\">tu<\/a><\/strong>, na str\u00e1nke do \u0161peci\u00e1lnej kateg\u00f3rie. Dr\u017e\u00edme palce v s\u00fa\u0165a\u017ei. V\u00fdherca sa vyhl\u00e1si na IT SHOW &#8211; 8. novembra 2024 na vyhodnoten\u00ed 9. ro\u010dn\u00edka MobilFestu.&nbsp;<\/p>\n\n\n\n<p><\/p>\n\n\n\n<figure class=\"wp-block-gallery has-nested-images columns-default is-cropped wp-block-gallery-1 is-layout-flex wp-block-gallery-is-layout-flex\">\n<figure class=\"wp-block-image size-large\"><img decoding=\"async\" width=\"1024\" height=\"683\" data-id=\"1697\" src=\"https:\/\/www.mobilfest.eu\/festival\/wp-content\/uploads\/2023\/08\/096_Galaxy_flip5_lifestyle_ocean_green_HI-1024x683.jpg\" alt=\"\" class=\"wp-image-1697\" srcset=\"https:\/\/www.mobilfest.eu\/festival\/wp-content\/uploads\/2023\/08\/096_Galaxy_flip5_lifestyle_ocean_green_HI-200x133.jpg 200w, https:\/\/www.mobilfest.eu\/festival\/wp-content\/uploads\/2023\/08\/096_Galaxy_flip5_lifestyle_ocean_green_HI-300x200.jpg 300w, https:\/\/www.mobilfest.eu\/festival\/wp-content\/uploads\/2023\/08\/096_Galaxy_flip5_lifestyle_ocean_green_HI-400x267.jpg 400w, https:\/\/www.mobilfest.eu\/festival\/wp-content\/uploads\/2023\/08\/096_Galaxy_flip5_lifestyle_ocean_green_HI-600x400.jpg 600w, https:\/\/www.mobilfest.eu\/festival\/wp-content\/uploads\/2023\/08\/096_Galaxy_flip5_lifestyle_ocean_green_HI-768x512.jpg 768w, https:\/\/www.mobilfest.eu\/festival\/wp-content\/uploads\/2023\/08\/096_Galaxy_flip5_lifestyle_ocean_green_HI-800x533.jpg 800w, https:\/\/www.mobilfest.eu\/festival\/wp-content\/uploads\/2023\/08\/096_Galaxy_flip5_lifestyle_ocean_green_HI-1024x683.jpg 1024w, https:\/\/www.mobilfest.eu\/festival\/wp-content\/uploads\/2023\/08\/096_Galaxy_flip5_lifestyle_ocean_green_HI-1200x800.jpg 1200w, https:\/\/www.mobilfest.eu\/festival\/wp-content\/uploads\/2023\/08\/096_Galaxy_flip5_lifestyle_ocean_green_HI-1536x1024.jpg 1536w\" sizes=\"(max-width: 1024px) 100vw, 1024px\" \/><\/figure>\n\n\n\n<figure class=\"wp-block-image size-large\"><img decoding=\"async\" width=\"1024\" height=\"683\" data-id=\"1696\" src=\"https:\/\/www.mobilfest.eu\/festival\/wp-content\/uploads\/2023\/08\/090_Galaxy_flip5_hands-on_lavender_HI-1024x683.jpg\" alt=\"\" class=\"wp-image-1696\" srcset=\"https:\/\/www.mobilfest.eu\/festival\/wp-content\/uploads\/2023\/08\/090_Galaxy_flip5_hands-on_lavender_HI-200x133.jpg 200w, https:\/\/www.mobilfest.eu\/festival\/wp-content\/uploads\/2023\/08\/090_Galaxy_flip5_hands-on_lavender_HI-300x200.jpg 300w, https:\/\/www.mobilfest.eu\/festival\/wp-content\/uploads\/2023\/08\/090_Galaxy_flip5_hands-on_lavender_HI-400x267.jpg 400w, https:\/\/www.mobilfest.eu\/festival\/wp-content\/uploads\/2023\/08\/090_Galaxy_flip5_hands-on_lavender_HI-600x400.jpg 600w, https:\/\/www.mobilfest.eu\/festival\/wp-content\/uploads\/2023\/08\/090_Galaxy_flip5_hands-on_lavender_HI-768x512.jpg 768w, https:\/\/www.mobilfest.eu\/festival\/wp-content\/uploads\/2023\/08\/090_Galaxy_flip5_hands-on_lavender_HI-800x533.jpg 800w, https:\/\/www.mobilfest.eu\/festival\/wp-content\/uploads\/2023\/08\/090_Galaxy_flip5_hands-on_lavender_HI-1024x683.jpg 1024w, https:\/\/www.mobilfest.eu\/festival\/wp-content\/uploads\/2023\/08\/090_Galaxy_flip5_hands-on_lavender_HI-1200x800.jpg 1200w, https:\/\/www.mobilfest.eu\/festival\/wp-content\/uploads\/2023\/08\/090_Galaxy_flip5_hands-on_lavender_HI-1536x1024.jpg 1536w\" sizes=\"(max-width: 1024px) 100vw, 1024px\" \/><\/figure>\n\n\n\n<figure class=\"wp-block-image size-large\"><img decoding=\"async\" width=\"1024\" height=\"576\" data-id=\"1951\" src=\"https:\/\/www.mobilfest.eu\/festival\/wp-content\/uploads\/2023\/09\/IMG_2965-1024x576.jpeg\" alt=\"\" class=\"wp-image-1951\" srcset=\"https:\/\/www.mobilfest.eu\/festival\/wp-content\/uploads\/2023\/09\/IMG_2965-200x113.jpeg 200w, https:\/\/www.mobilfest.eu\/festival\/wp-content\/uploads\/2023\/09\/IMG_2965-300x169.jpeg 300w, https:\/\/www.mobilfest.eu\/festival\/wp-content\/uploads\/2023\/09\/IMG_2965-400x225.jpeg 400w, https:\/\/www.mobilfest.eu\/festival\/wp-content\/uploads\/2023\/09\/IMG_2965-600x338.jpeg 600w, https:\/\/www.mobilfest.eu\/festival\/wp-content\/uploads\/2023\/09\/IMG_2965-768x432.jpeg 768w, https:\/\/www.mobilfest.eu\/festival\/wp-content\/uploads\/2023\/09\/IMG_2965-800x450.jpeg 800w, https:\/\/www.mobilfest.eu\/festival\/wp-content\/uploads\/2023\/09\/IMG_2965-1024x576.jpeg 1024w, https:\/\/www.mobilfest.eu\/festival\/wp-content\/uploads\/2023\/09\/IMG_2965-1200x675.jpeg 1200w, https:\/\/www.mobilfest.eu\/festival\/wp-content\/uploads\/2023\/09\/IMG_2965-1536x864.jpeg 1536w\" sizes=\"(max-width: 1024px) 100vw, 1024px\" \/><\/figure>\n\n\n\n<figure class=\"wp-block-image size-large\"><img decoding=\"async\" width=\"1024\" height=\"576\" data-id=\"1952\" src=\"https:\/\/www.mobilfest.eu\/festival\/wp-content\/uploads\/2023\/09\/samsungtitulka_-1024x576.jpg\" alt=\"\" class=\"wp-image-1952\" srcset=\"https:\/\/www.mobilfest.eu\/festival\/wp-content\/uploads\/2023\/09\/samsungtitulka_-200x113.jpg 200w, https:\/\/www.mobilfest.eu\/festival\/wp-content\/uploads\/2023\/09\/samsungtitulka_-300x169.jpg 300w, https:\/\/www.mobilfest.eu\/festival\/wp-content\/uploads\/2023\/09\/samsungtitulka_-400x225.jpg 400w, https:\/\/www.mobilfest.eu\/festival\/wp-content\/uploads\/2023\/09\/samsungtitulka_-600x338.jpg 600w, https:\/\/www.mobilfest.eu\/festival\/wp-content\/uploads\/2023\/09\/samsungtitulka_-768x432.jpg 768w, https:\/\/www.mobilfest.eu\/festival\/wp-content\/uploads\/2023\/09\/samsungtitulka_-800x450.jpg 800w, https:\/\/www.mobilfest.eu\/festival\/wp-content\/uploads\/2023\/09\/samsungtitulka_-1024x576.jpg 1024w, https:\/\/www.mobilfest.eu\/festival\/wp-content\/uploads\/2023\/09\/samsungtitulka_-1200x675.jpg 1200w, https:\/\/www.mobilfest.eu\/festival\/wp-content\/uploads\/2023\/09\/samsungtitulka_-1536x864.jpg 1536w\" sizes=\"(max-width: 1024px) 100vw, 1024px\" \/><\/figure>\n\n\n\n<figure class=\"wp-block-image size-large\"><img decoding=\"async\" width=\"500\" height=\"500\" data-id=\"2404\" src=\"https:\/\/www.mobilfest.eu\/festival\/wp-content\/uploads\/2024\/09\/Samsung-Galaxy-A14.jpg\" alt=\"\" class=\"wp-image-2404\" srcset=\"https:\/\/www.mobilfest.eu\/festival\/wp-content\/uploads\/2024\/09\/Samsung-Galaxy-A14-66x66.jpg 66w, https:\/\/www.mobilfest.eu\/festival\/wp-content\/uploads\/2024\/09\/Samsung-Galaxy-A14-150x150.jpg 150w, https:\/\/www.mobilfest.eu\/festival\/wp-content\/uploads\/2024\/09\/Samsung-Galaxy-A14-200x200.jpg 200w, https:\/\/www.mobilfest.eu\/festival\/wp-content\/uploads\/2024\/09\/Samsung-Galaxy-A14-300x300.jpg 300w, https:\/\/www.mobilfest.eu\/festival\/wp-content\/uploads\/2024\/09\/Samsung-Galaxy-A14-400x400.jpg 400w, https:\/\/www.mobilfest.eu\/festival\/wp-content\/uploads\/2024\/09\/Samsung-Galaxy-A14.jpg 500w\" sizes=\"(max-width: 500px) 100vw, 500px\" \/><\/figure>\n\n\n\n<figure class=\"wp-block-image size-large\"><img decoding=\"async\" width=\"735\" height=\"775\" data-id=\"2409\" src=\"https:\/\/www.mobilfest.eu\/festival\/wp-content\/uploads\/2024\/09\/Snimka-obrazovky-2024-09-19-105156.png\" alt=\"\" class=\"wp-image-2409\" srcset=\"https:\/\/www.mobilfest.eu\/festival\/wp-content\/uploads\/2024\/09\/Snimka-obrazovky-2024-09-19-105156-200x211.png 200w, https:\/\/www.mobilfest.eu\/festival\/wp-content\/uploads\/2024\/09\/Snimka-obrazovky-2024-09-19-105156-285x300.png 285w, https:\/\/www.mobilfest.eu\/festival\/wp-content\/uploads\/2024\/09\/Snimka-obrazovky-2024-09-19-105156-400x422.png 400w, https:\/\/www.mobilfest.eu\/festival\/wp-content\/uploads\/2024\/09\/Snimka-obrazovky-2024-09-19-105156-600x633.png 600w, https:\/\/www.mobilfest.eu\/festival\/wp-content\/uploads\/2024\/09\/Snimka-obrazovky-2024-09-19-105156.png 735w\" sizes=\"(max-width: 735px) 100vw, 735px\" \/><\/figure>\n<\/figure>\n\n\n\n<figure class=\"wp-block-gallery has-nested-images columns-default is-cropped wp-block-gallery-2 is-layout-flex wp-block-gallery-is-layout-flex\">\n<figure class=\"wp-block-image size-large\"><img decoding=\"async\" width=\"819\" height=\"1024\" data-id=\"2407\" src=\"https:\/\/www.mobilfest.eu\/festival\/wp-content\/uploads\/2024\/09\/samsung-kategoria-1-819x1024.jpg\" alt=\"\" class=\"wp-image-2407\" srcset=\"https:\/\/www.mobilfest.eu\/festival\/wp-content\/uploads\/2024\/09\/samsung-kategoria-1-200x250.jpg 200w, https:\/\/www.mobilfest.eu\/festival\/wp-content\/uploads\/2024\/09\/samsung-kategoria-1-240x300.jpg 240w, https:\/\/www.mobilfest.eu\/festival\/wp-content\/uploads\/2024\/09\/samsung-kategoria-1-400x500.jpg 400w, https:\/\/www.mobilfest.eu\/festival\/wp-content\/uploads\/2024\/09\/samsung-kategoria-1-600x750.jpg 600w, https:\/\/www.mobilfest.eu\/festival\/wp-content\/uploads\/2024\/09\/samsung-kategoria-1-768x960.jpg 768w, https:\/\/www.mobilfest.eu\/festival\/wp-content\/uploads\/2024\/09\/samsung-kategoria-1-800x1000.jpg 800w, https:\/\/www.mobilfest.eu\/festival\/wp-content\/uploads\/2024\/09\/samsung-kategoria-1-819x1024.jpg 819w, https:\/\/www.mobilfest.eu\/festival\/wp-content\/uploads\/2024\/09\/samsung-kategoria-1.jpg 1080w\" sizes=\"(max-width: 819px) 100vw, 819px\" \/><\/figure>\n\n\n\n<figure class=\"wp-block-image size-large\"><img decoding=\"async\" width=\"719\" height=\"1024\" data-id=\"2406\" src=\"https:\/\/www.mobilfest.eu\/festival\/wp-content\/uploads\/2024\/09\/samsung-galaxi-sutaz-1-719x1024.jpg\" alt=\"\" class=\"wp-image-2406\" srcset=\"https:\/\/www.mobilfest.eu\/festival\/wp-content\/uploads\/2024\/09\/samsung-galaxi-sutaz-1-200x285.jpg 200w, https:\/\/www.mobilfest.eu\/festival\/wp-content\/uploads\/2024\/09\/samsung-galaxi-sutaz-1-211x300.jpg 211w, https:\/\/www.mobilfest.eu\/festival\/wp-content\/uploads\/2024\/09\/samsung-galaxi-sutaz-1-400x570.jpg 400w, https:\/\/www.mobilfest.eu\/festival\/wp-content\/uploads\/2024\/09\/samsung-galaxi-sutaz-1-600x855.jpg 600w, https:\/\/www.mobilfest.eu\/festival\/wp-content\/uploads\/2024\/09\/samsung-galaxi-sutaz-1-719x1024.jpg 719w, https:\/\/www.mobilfest.eu\/festival\/wp-content\/uploads\/2024\/09\/samsung-galaxi-sutaz-1-768x1094.jpg 768w, https:\/\/www.mobilfest.eu\/festival\/wp-content\/uploads\/2024\/09\/samsung-galaxi-sutaz-1-800x1140.jpg 800w, https:\/\/www.mobilfest.eu\/festival\/wp-content\/uploads\/2024\/09\/samsung-galaxi-sutaz-1-1078x1536.jpg 1078w, https:\/\/www.mobilfest.eu\/festival\/wp-content\/uploads\/2024\/09\/samsung-galaxi-sutaz-1-1200x1710.jpg 1200w, https:\/\/www.mobilfest.eu\/festival\/wp-content\/uploads\/2024\/09\/samsung-galaxi-sutaz-1-1438x2048.jpg 1438w, https:\/\/www.mobilfest.eu\/festival\/wp-content\/uploads\/2024\/09\/samsung-galaxi-sutaz-1-scaled.jpg 1797w\" sizes=\"(max-width: 719px) 100vw, 719px\" \/><figcaption class=\"wp-element-caption\">samsung galaxi3<\/figcaption><\/figure>\n<\/figure>\n","protected":false},"excerpt":{"rendered":"<p>Predstavujeme v\u00e1m \u0161peci\u00e1lne kateg\u00f3rie gener\u00e1lnych sponzorov \u0160PECI\u00c1LNA VIDEO KATEG\u00d3RIA DATACOMP.SK [&hellip;]<\/p>\n","protected":false},"author":2,"featured_media":2382,"comment_status":"closed","ping_status":"closed","sticky":false,"template":"","format":"standard","meta":{"footnotes":""},"categories":[31],"tags":[],"class_list":["post-2381","post","type-post","status-publish","format-standard","has-post-thumbnail","hentry","category-mobilfest"],"aioseo_notices":[],"jetpack_featured_media_url":"https:\/\/www.mobilfest.eu\/festival\/wp-content\/uploads\/2024\/09\/Wi33c9Z23kKPT8d3MHf4CS-1200-80.jpg","_links":{"self":[{"href":"https:\/\/www.mobilfest.eu\/festival\/wp-json\/wp\/v2\/posts\/2381","targetHints":{"allow":["GET"]}}],"collection":[{"href":"https:\/\/www.mobilfest.eu\/festival\/wp-json\/wp\/v2\/posts"}],"about":[{"href":"https:\/\/www.mobilfest.eu\/festival\/wp-json\/wp\/v2\/types\/post"}],"author":[{"embeddable":true,"href":"https:\/\/www.mobilfest.eu\/festival\/wp-json\/wp\/v2\/users\/2"}],"replies":[{"embeddable":true,"href":"https:\/\/www.mobilfest.eu\/festival\/wp-json\/wp\/v2\/comments?post=2381"}],"version-history":[{"count":10,"href":"https:\/\/www.mobilfest.eu\/festival\/wp-json\/wp\/v2\/posts\/2381\/revisions"}],"predecessor-version":[{"id":2420,"href":"https:\/\/www.mobilfest.eu\/festival\/wp-json\/wp\/v2\/posts\/2381\/revisions\/2420"}],"wp:featuredmedia":[{"embeddable":true,"href":"https:\/\/www.mobilfest.eu\/festival\/wp-json\/wp\/v2\/media\/2382"}],"wp:attachment":[{"href":"https:\/\/www.mobilfest.eu\/festival\/wp-json\/wp\/v2\/media?parent=2381"}],"wp:term":[{"taxonomy":"category","embeddable":true,"href":"https:\/\/www.mobilfest.eu\/festival\/wp-json\/wp\/v2\/categories?post=2381"},{"taxonomy":"post_tag","embeddable":true,"href":"https:\/\/www.mobilfest.eu\/festival\/wp-json\/wp\/v2\/tags?post=2381"}],"curies":[{"name":"wp","href":"https:\/\/api.w.org\/{rel}","templated":true}]}}