{"id":2765,"date":"2025-11-05T14:59:24","date_gmt":"2025-11-05T13:59:24","guid":{"rendered":"https:\/\/www.mobilfest.eu\/festival\/?p=2765"},"modified":"2025-11-05T14:59:26","modified_gmt":"2025-11-05T13:59:26","slug":"ceny-su-pripravene-2","status":"publish","type":"post","link":"https:\/\/www.mobilfest.eu\/festival\/ceny-su-pripravene-2\/","title":{"rendered":"Ceny s\u00fa pripraven\u00e9!"},"content":{"rendered":"\n<p><\/p>\n\n\n\n<figure class=\"wp-block-gallery has-nested-images columns-default is-cropped wp-block-gallery-1 is-layout-flex wp-block-gallery-is-layout-flex\">\n<figure class=\"wp-block-image size-large\"><img decoding=\"async\" width=\"1024\" height=\"683\" data-id=\"2778\" src=\"https:\/\/www.mobilfest.eu\/festival\/wp-content\/uploads\/2025\/11\/mobilfest-2023-tomikesz-42-2-scaled-1-1024x683.jpg\" alt=\"\" class=\"wp-image-2778\" srcset=\"https:\/\/www.mobilfest.eu\/festival\/wp-content\/uploads\/2025\/11\/mobilfest-2023-tomikesz-42-2-scaled-1-200x133.jpg 200w, https:\/\/www.mobilfest.eu\/festival\/wp-content\/uploads\/2025\/11\/mobilfest-2023-tomikesz-42-2-scaled-1-300x200.jpg 300w, https:\/\/www.mobilfest.eu\/festival\/wp-content\/uploads\/2025\/11\/mobilfest-2023-tomikesz-42-2-scaled-1-400x267.jpg 400w, https:\/\/www.mobilfest.eu\/festival\/wp-content\/uploads\/2025\/11\/mobilfest-2023-tomikesz-42-2-scaled-1-600x400.jpg 600w, https:\/\/www.mobilfest.eu\/festival\/wp-content\/uploads\/2025\/11\/mobilfest-2023-tomikesz-42-2-scaled-1-768x512.jpg 768w, https:\/\/www.mobilfest.eu\/festival\/wp-content\/uploads\/2025\/11\/mobilfest-2023-tomikesz-42-2-scaled-1-800x533.jpg 800w, https:\/\/www.mobilfest.eu\/festival\/wp-content\/uploads\/2025\/11\/mobilfest-2023-tomikesz-42-2-scaled-1-1024x683.jpg 1024w, https:\/\/www.mobilfest.eu\/festival\/wp-content\/uploads\/2025\/11\/mobilfest-2023-tomikesz-42-2-scaled-1-1200x800.jpg 1200w, https:\/\/www.mobilfest.eu\/festival\/wp-content\/uploads\/2025\/11\/mobilfest-2023-tomikesz-42-2-scaled-1-1536x1024.jpg 1536w\" sizes=\"(max-width: 1024px) 100vw, 1024px\" \/><\/figure>\n\n\n\n<figure class=\"wp-block-image size-large\"><img decoding=\"async\" width=\"1024\" height=\"683\" data-id=\"2775\" src=\"https:\/\/www.mobilfest.eu\/festival\/wp-content\/uploads\/2025\/11\/Mobilfest-2024-14-scaled-1-1024x683.jpg\" alt=\"\" class=\"wp-image-2775\" srcset=\"https:\/\/www.mobilfest.eu\/festival\/wp-content\/uploads\/2025\/11\/Mobilfest-2024-14-scaled-1-200x133.jpg 200w, https:\/\/www.mobilfest.eu\/festival\/wp-content\/uploads\/2025\/11\/Mobilfest-2024-14-scaled-1-300x200.jpg 300w, https:\/\/www.mobilfest.eu\/festival\/wp-content\/uploads\/2025\/11\/Mobilfest-2024-14-scaled-1-400x267.jpg 400w, https:\/\/www.mobilfest.eu\/festival\/wp-content\/uploads\/2025\/11\/Mobilfest-2024-14-scaled-1-600x400.jpg 600w, https:\/\/www.mobilfest.eu\/festival\/wp-content\/uploads\/2025\/11\/Mobilfest-2024-14-scaled-1-768x512.jpg 768w, https:\/\/www.mobilfest.eu\/festival\/wp-content\/uploads\/2025\/11\/Mobilfest-2024-14-scaled-1-800x533.jpg 800w, https:\/\/www.mobilfest.eu\/festival\/wp-content\/uploads\/2025\/11\/Mobilfest-2024-14-scaled-1-1024x683.jpg 1024w, https:\/\/www.mobilfest.eu\/festival\/wp-content\/uploads\/2025\/11\/Mobilfest-2024-14-scaled-1-1200x800.jpg 1200w, https:\/\/www.mobilfest.eu\/festival\/wp-content\/uploads\/2025\/11\/Mobilfest-2024-14-scaled-1-1536x1024.jpg 1536w\" sizes=\"(max-width: 1024px) 100vw, 1024px\" \/><\/figure>\n<\/figure>\n\n\n\n<p>Poz\u00fdvame na sl\u00e1vnostn\u00e9 vyhodnotenie jubilejn\u00e9ho 10. ro\u010dn\u00edka MobilFest &#8211; festivalu videofilmov a fotografi\u00ed nato\u010den\u00fdch a nafoten\u00fdch v\u00fdhradne mobiln\u00fdm telef\u00f3nom. Uskuto\u010dn\u00ed sa 7. novembra 2025 (v piatok) o 10:00 hod. v priestoroch Obchodn\u00e9ho centra Optima v Ko\u0161iciach (Moldavsk\u00e1 cesta 32) na v\u00fdstave IT SHOW v kinos\u00e1le Cinemax.<\/p>\n\n\n\n<p>Ocenenia bude odovzd\u00e1va\u0165 zn\u00e1my hudobn\u00edk a zab\u00e1va\u010d Marian \u010cekovsk\u00fd a m\u00f4\u017eete sa te\u0161i\u0165 na atrakt\u00edvne ceny a skvel\u00fd program. <\/p>\n\n\n\n<figure class=\"wp-block-gallery has-nested-images columns-default is-cropped wp-block-gallery-2 is-layout-flex wp-block-gallery-is-layout-flex\">\n<figure class=\"wp-block-image size-large\"><img decoding=\"async\" width=\"1024\" height=\"683\" data-id=\"2777\" src=\"https:\/\/www.mobilfest.eu\/festival\/wp-content\/uploads\/2025\/11\/MOBILFEST_bacova2023-6-1024x683.jpg\" alt=\"\" class=\"wp-image-2777\" srcset=\"https:\/\/www.mobilfest.eu\/festival\/wp-content\/uploads\/2025\/11\/MOBILFEST_bacova2023-6-200x133.jpg 200w, https:\/\/www.mobilfest.eu\/festival\/wp-content\/uploads\/2025\/11\/MOBILFEST_bacova2023-6-300x200.jpg 300w, https:\/\/www.mobilfest.eu\/festival\/wp-content\/uploads\/2025\/11\/MOBILFEST_bacova2023-6-400x267.jpg 400w, https:\/\/www.mobilfest.eu\/festival\/wp-content\/uploads\/2025\/11\/MOBILFEST_bacova2023-6-600x400.jpg 600w, https:\/\/www.mobilfest.eu\/festival\/wp-content\/uploads\/2025\/11\/MOBILFEST_bacova2023-6-768x512.jpg 768w, https:\/\/www.mobilfest.eu\/festival\/wp-content\/uploads\/2025\/11\/MOBILFEST_bacova2023-6-800x533.jpg 800w, https:\/\/www.mobilfest.eu\/festival\/wp-content\/uploads\/2025\/11\/MOBILFEST_bacova2023-6-1024x683.jpg 1024w, https:\/\/www.mobilfest.eu\/festival\/wp-content\/uploads\/2025\/11\/MOBILFEST_bacova2023-6-1200x800.jpg 1200w, https:\/\/www.mobilfest.eu\/festival\/wp-content\/uploads\/2025\/11\/MOBILFEST_bacova2023-6-1536x1024.jpg 1536w, https:\/\/www.mobilfest.eu\/festival\/wp-content\/uploads\/2025\/11\/MOBILFEST_bacova2023-6.jpg 1920w\" sizes=\"(max-width: 1024px) 100vw, 1024px\" \/><\/figure>\n\n\n\n<figure class=\"wp-block-image size-large\"><img decoding=\"async\" width=\"1024\" height=\"683\" data-id=\"2779\" src=\"https:\/\/www.mobilfest.eu\/festival\/wp-content\/uploads\/2025\/11\/mobilfest-2023-tomikesz-76-1-scaled-1-1024x683.jpg\" alt=\"\" class=\"wp-image-2779\" srcset=\"https:\/\/www.mobilfest.eu\/festival\/wp-content\/uploads\/2025\/11\/mobilfest-2023-tomikesz-76-1-scaled-1-200x133.jpg 200w, https:\/\/www.mobilfest.eu\/festival\/wp-content\/uploads\/2025\/11\/mobilfest-2023-tomikesz-76-1-scaled-1-300x200.jpg 300w, https:\/\/www.mobilfest.eu\/festival\/wp-content\/uploads\/2025\/11\/mobilfest-2023-tomikesz-76-1-scaled-1-400x267.jpg 400w, https:\/\/www.mobilfest.eu\/festival\/wp-content\/uploads\/2025\/11\/mobilfest-2023-tomikesz-76-1-scaled-1-600x400.jpg 600w, https:\/\/www.mobilfest.eu\/festival\/wp-content\/uploads\/2025\/11\/mobilfest-2023-tomikesz-76-1-scaled-1-768x512.jpg 768w, https:\/\/www.mobilfest.eu\/festival\/wp-content\/uploads\/2025\/11\/mobilfest-2023-tomikesz-76-1-scaled-1-800x533.jpg 800w, https:\/\/www.mobilfest.eu\/festival\/wp-content\/uploads\/2025\/11\/mobilfest-2023-tomikesz-76-1-scaled-1-1024x683.jpg 1024w, https:\/\/www.mobilfest.eu\/festival\/wp-content\/uploads\/2025\/11\/mobilfest-2023-tomikesz-76-1-scaled-1-1200x800.jpg 1200w, https:\/\/www.mobilfest.eu\/festival\/wp-content\/uploads\/2025\/11\/mobilfest-2023-tomikesz-76-1-scaled-1-1536x1024.jpg 1536w\" sizes=\"(max-width: 1024px) 100vw, 1024px\" \/><\/figure>\n<\/figure>\n\n\n\n<figure class=\"wp-block-gallery has-nested-images columns-default is-cropped wp-block-gallery-3 is-layout-flex wp-block-gallery-is-layout-flex\">\n<figure class=\"wp-block-image size-large\"><img decoding=\"async\" width=\"1024\" height=\"683\" data-id=\"2774\" src=\"https:\/\/www.mobilfest.eu\/festival\/wp-content\/uploads\/2025\/11\/mobilfest_8-1024x683.jpg\" alt=\"\" class=\"wp-image-2774\" srcset=\"https:\/\/www.mobilfest.eu\/festival\/wp-content\/uploads\/2025\/11\/mobilfest_8-200x133.jpg 200w, https:\/\/www.mobilfest.eu\/festival\/wp-content\/uploads\/2025\/11\/mobilfest_8-300x200.jpg 300w, https:\/\/www.mobilfest.eu\/festival\/wp-content\/uploads\/2025\/11\/mobilfest_8-400x267.jpg 400w, https:\/\/www.mobilfest.eu\/festival\/wp-content\/uploads\/2025\/11\/mobilfest_8-600x400.jpg 600w, https:\/\/www.mobilfest.eu\/festival\/wp-content\/uploads\/2025\/11\/mobilfest_8-768x512.jpg 768w, https:\/\/www.mobilfest.eu\/festival\/wp-content\/uploads\/2025\/11\/mobilfest_8-800x533.jpg 800w, https:\/\/www.mobilfest.eu\/festival\/wp-content\/uploads\/2025\/11\/mobilfest_8-1024x683.jpg 1024w, https:\/\/www.mobilfest.eu\/festival\/wp-content\/uploads\/2025\/11\/mobilfest_8-1200x800.jpg 1200w, https:\/\/www.mobilfest.eu\/festival\/wp-content\/uploads\/2025\/11\/mobilfest_8-1536x1024.jpg 1536w\" sizes=\"(max-width: 1024px) 100vw, 1024px\" \/><\/figure>\n\n\n\n<figure class=\"wp-block-image size-large\"><img decoding=\"async\" width=\"683\" height=\"1024\" data-id=\"2772\" src=\"https:\/\/www.mobilfest.eu\/festival\/wp-content\/uploads\/2025\/11\/mobilfest_6-683x1024.jpg\" alt=\"\" class=\"wp-image-2772\" srcset=\"https:\/\/www.mobilfest.eu\/festival\/wp-content\/uploads\/2025\/11\/mobilfest_6-200x300.jpg 200w, https:\/\/www.mobilfest.eu\/festival\/wp-content\/uploads\/2025\/11\/mobilfest_6-400x600.jpg 400w, https:\/\/www.mobilfest.eu\/festival\/wp-content\/uploads\/2025\/11\/mobilfest_6-600x900.jpg 600w, https:\/\/www.mobilfest.eu\/festival\/wp-content\/uploads\/2025\/11\/mobilfest_6-683x1024.jpg 683w, https:\/\/www.mobilfest.eu\/festival\/wp-content\/uploads\/2025\/11\/mobilfest_6-768x1152.jpg 768w, https:\/\/www.mobilfest.eu\/festival\/wp-content\/uploads\/2025\/11\/mobilfest_6-800x1200.jpg 800w, https:\/\/www.mobilfest.eu\/festival\/wp-content\/uploads\/2025\/11\/mobilfest_6-1024x1536.jpg 1024w, https:\/\/www.mobilfest.eu\/festival\/wp-content\/uploads\/2025\/11\/mobilfest_6-1200x1800.jpg 1200w, https:\/\/www.mobilfest.eu\/festival\/wp-content\/uploads\/2025\/11\/mobilfest_6.jpg 1365w\" sizes=\"(max-width: 683px) 100vw, 683px\" \/><\/figure>\n\n\n\n<figure class=\"wp-block-image size-large\"><img decoding=\"async\" width=\"1024\" height=\"683\" data-id=\"2770\" src=\"https:\/\/www.mobilfest.eu\/festival\/wp-content\/uploads\/2025\/11\/mobilfest_5-1024x683.jpg\" alt=\"\" class=\"wp-image-2770\" srcset=\"https:\/\/www.mobilfest.eu\/festival\/wp-content\/uploads\/2025\/11\/mobilfest_5-200x133.jpg 200w, https:\/\/www.mobilfest.eu\/festival\/wp-content\/uploads\/2025\/11\/mobilfest_5-300x200.jpg 300w, https:\/\/www.mobilfest.eu\/festival\/wp-content\/uploads\/2025\/11\/mobilfest_5-400x267.jpg 400w, https:\/\/www.mobilfest.eu\/festival\/wp-content\/uploads\/2025\/11\/mobilfest_5-600x400.jpg 600w, https:\/\/www.mobilfest.eu\/festival\/wp-content\/uploads\/2025\/11\/mobilfest_5-768x512.jpg 768w, https:\/\/www.mobilfest.eu\/festival\/wp-content\/uploads\/2025\/11\/mobilfest_5-800x533.jpg 800w, https:\/\/www.mobilfest.eu\/festival\/wp-content\/uploads\/2025\/11\/mobilfest_5-1024x683.jpg 1024w, https:\/\/www.mobilfest.eu\/festival\/wp-content\/uploads\/2025\/11\/mobilfest_5-1200x800.jpg 1200w, https:\/\/www.mobilfest.eu\/festival\/wp-content\/uploads\/2025\/11\/mobilfest_5-1536x1024.jpg 1536w\" sizes=\"(max-width: 1024px) 100vw, 1024px\" \/><\/figure>\n\n\n\n<figure class=\"wp-block-image size-large\"><img decoding=\"async\" width=\"1024\" height=\"683\" data-id=\"2768\" src=\"https:\/\/www.mobilfest.eu\/festival\/wp-content\/uploads\/2025\/11\/mobilfest_3-1024x683.jpg\" alt=\"\" class=\"wp-image-2768\" srcset=\"https:\/\/www.mobilfest.eu\/festival\/wp-content\/uploads\/2025\/11\/mobilfest_3-200x133.jpg 200w, https:\/\/www.mobilfest.eu\/festival\/wp-content\/uploads\/2025\/11\/mobilfest_3-300x200.jpg 300w, https:\/\/www.mobilfest.eu\/festival\/wp-content\/uploads\/2025\/11\/mobilfest_3-400x267.jpg 400w, https:\/\/www.mobilfest.eu\/festival\/wp-content\/uploads\/2025\/11\/mobilfest_3-600x400.jpg 600w, https:\/\/www.mobilfest.eu\/festival\/wp-content\/uploads\/2025\/11\/mobilfest_3-768x512.jpg 768w, https:\/\/www.mobilfest.eu\/festival\/wp-content\/uploads\/2025\/11\/mobilfest_3-800x533.jpg 800w, https:\/\/www.mobilfest.eu\/festival\/wp-content\/uploads\/2025\/11\/mobilfest_3-1024x683.jpg 1024w, https:\/\/www.mobilfest.eu\/festival\/wp-content\/uploads\/2025\/11\/mobilfest_3-1200x800.jpg 1200w, https:\/\/www.mobilfest.eu\/festival\/wp-content\/uploads\/2025\/11\/mobilfest_3-1536x1024.jpg 1536w\" sizes=\"(max-width: 1024px) 100vw, 1024px\" \/><\/figure>\n<\/figure>\n\n\n\n<p>Sl\u00e1vnostn\u00fd ceremoni\u00e1l organizujeme s Auvid Production. Event je s\u00fa\u010das\u0165ou podujatia IT SHOW, v r\u00e1mci ktor\u00e9ho spozn\u00e1te najnov\u0161ie technol\u00f3gie, expertov IT a za\u017eijete hern\u00fd o\u0161ia\u013e a mega d\u00e1vku z\u00e1bavy. Podujatie finan\u010dne podporilo Ko\u0161ice &#8211; Mesto Ko\u0161ice a SOS electronic. Podujatie organizuje n\u00e1\u0161 gener\u00e1lny partner Datacomp.sk . Viac o akcii n\u00e1jdete na: www.itshow.sk<\/p>\n\n\n\n<figure class=\"wp-block-image size-large\"><img decoding=\"async\" width=\"1024\" height=\"683\" src=\"https:\/\/www.mobilfest.eu\/festival\/wp-content\/uploads\/2025\/11\/Datacomb_Mobilfest-by-tomikesz-9-scaled-1-1024x683.jpg\" alt=\"\" class=\"wp-image-2776\" srcset=\"https:\/\/www.mobilfest.eu\/festival\/wp-content\/uploads\/2025\/11\/Datacomb_Mobilfest-by-tomikesz-9-scaled-1-200x133.jpg 200w, https:\/\/www.mobilfest.eu\/festival\/wp-content\/uploads\/2025\/11\/Datacomb_Mobilfest-by-tomikesz-9-scaled-1-300x200.jpg 300w, https:\/\/www.mobilfest.eu\/festival\/wp-content\/uploads\/2025\/11\/Datacomb_Mobilfest-by-tomikesz-9-scaled-1-400x267.jpg 400w, https:\/\/www.mobilfest.eu\/festival\/wp-content\/uploads\/2025\/11\/Datacomb_Mobilfest-by-tomikesz-9-scaled-1-600x400.jpg 600w, https:\/\/www.mobilfest.eu\/festival\/wp-content\/uploads\/2025\/11\/Datacomb_Mobilfest-by-tomikesz-9-scaled-1-768x512.jpg 768w, https:\/\/www.mobilfest.eu\/festival\/wp-content\/uploads\/2025\/11\/Datacomb_Mobilfest-by-tomikesz-9-scaled-1-800x533.jpg 800w, https:\/\/www.mobilfest.eu\/festival\/wp-content\/uploads\/2025\/11\/Datacomb_Mobilfest-by-tomikesz-9-scaled-1-1024x683.jpg 1024w, https:\/\/www.mobilfest.eu\/festival\/wp-content\/uploads\/2025\/11\/Datacomb_Mobilfest-by-tomikesz-9-scaled-1-1200x800.jpg 1200w, https:\/\/www.mobilfest.eu\/festival\/wp-content\/uploads\/2025\/11\/Datacomb_Mobilfest-by-tomikesz-9-scaled-1-1536x1024.jpg 1536w\" sizes=\"(max-width: 1024px) 100vw, 1024px\" \/><\/figure>\n","protected":false},"excerpt":{"rendered":"<p>Poz\u00fdvame na sl\u00e1vnostn\u00e9 vyhodnotenie jubilejn\u00e9ho 10. ro\u010dn\u00edka MobilFest &#8211; festivalu [&hellip;]<\/p>\n","protected":false},"author":2,"featured_media":2773,"comment_status":"closed","ping_status":"closed","sticky":false,"template":"","format":"standard","meta":{"footnotes":""},"categories":[31],"tags":[],"class_list":["post-2765","post","type-post","status-publish","format-standard","has-post-thumbnail","hentry","category-mobilfest"],"aioseo_notices":[],"jetpack_featured_media_url":"https:\/\/www.mobilfest.eu\/festival\/wp-content\/uploads\/2025\/11\/mobilfest_7.jpg","_links":{"self":[{"href":"https:\/\/www.mobilfest.eu\/festival\/wp-json\/wp\/v2\/posts\/2765","targetHints":{"allow":["GET"]}}],"collection":[{"href":"https:\/\/www.mobilfest.eu\/festival\/wp-json\/wp\/v2\/posts"}],"about":[{"href":"https:\/\/www.mobilfest.eu\/festival\/wp-json\/wp\/v2\/types\/post"}],"author":[{"embeddable":true,"href":"https:\/\/www.mobilfest.eu\/festival\/wp-json\/wp\/v2\/users\/2"}],"replies":[{"embeddable":true,"href":"https:\/\/www.mobilfest.eu\/festival\/wp-json\/wp\/v2\/comments?post=2765"}],"version-history":[{"count":1,"href":"https:\/\/www.mobilfest.eu\/festival\/wp-json\/wp\/v2\/posts\/2765\/revisions"}],"predecessor-version":[{"id":2780,"href":"https:\/\/www.mobilfest.eu\/festival\/wp-json\/wp\/v2\/posts\/2765\/revisions\/2780"}],"wp:featuredmedia":[{"embeddable":true,"href":"https:\/\/www.mobilfest.eu\/festival\/wp-json\/wp\/v2\/media\/2773"}],"wp:attachment":[{"href":"https:\/\/www.mobilfest.eu\/festival\/wp-json\/wp\/v2\/media?parent=2765"}],"wp:term":[{"taxonomy":"category","embeddable":true,"href":"https:\/\/www.mobilfest.eu\/festival\/wp-json\/wp\/v2\/categories?post=2765"},{"taxonomy":"post_tag","embeddable":true,"href":"https:\/\/www.mobilfest.eu\/festival\/wp-json\/wp\/v2\/tags?post=2765"}],"curies":[{"name":"wp","href":"https:\/\/api.w.org\/{rel}","templated":true}]}}